{"id":19455,"date":"2024-01-29T10:00:02","date_gmt":"2024-01-29T10:00:02","guid":{"rendered":"https:\/\/www.lodelmomentoloja.com\/?p=19455"},"modified":"2024-01-29T15:57:00","modified_gmt":"2024-01-29T15:57:00","slug":"inauguracion-de-radio-canela-en-loja","status":"publish","type":"post","link":"https:\/\/www.lodelmomentoloja.com\/?p=19455","title":{"rendered":"Inauguraci\u00f3n de Radio Canela en Loja"},"content":{"rendered":"<p>\ud83d\udde3\ufe0f\ud83c\udf99\ufe0f\ud83d\udcfb \u00a1Inauguraci\u00f3n en Loja! A trav\u00e9s de una rueda de prensa y con la presencia de Jorge Yunda Machado, se dio a conocer la inauguraci\u00f3n y bendici\u00f3n de las instalaciones de Radio Canela, un nuevo medio de comunicaci\u00f3n que trabajar\u00e1 en Loja y la provincia, a trav\u00e9s de dos diales como son 96.9 FM (Loja y Catamayo) y 98.9 FM (Calvas, Gonzanam\u00e1, Quilanga y Esp\u00edndola), las oficinas se encuentran ubicadas en las calles Bol\u00edvar y Col\u00f3n.<\/p>\n<p><img loading=\"lazy\" decoding=\"async\" class=\"alignnone size-medium wp-image-19457\" src=\"http:\/\/www.lodelmomentoloja.com\/wp-content\/uploads\/2024\/01\/IMG_20240129_103958_964-265x300.webp\" alt=\"\" width=\"265\" height=\"300\" srcset=\"https:\/\/www.lodelmomentoloja.com\/wp-content\/uploads\/2024\/01\/IMG_20240129_103958_964-265x300.webp 265w, https:\/\/www.lodelmomentoloja.com\/wp-content\/uploads\/2024\/01\/IMG_20240129_103958_964-906x1024.webp 906w, https:\/\/www.lodelmomentoloja.com\/wp-content\/uploads\/2024\/01\/IMG_20240129_103958_964-768x868.webp 768w, https:\/\/www.lodelmomentoloja.com\/wp-content\/uploads\/2024\/01\/IMG_20240129_103958_964-640x723.webp 640w, https:\/\/www.lodelmomentoloja.com\/wp-content\/uploads\/2024\/01\/IMG_20240129_103958_964-1024x1157.webp 1024w, https:\/\/www.lodelmomentoloja.com\/wp-content\/uploads\/2024\/01\/IMG_20240129_103958_964.webp 1253w\" sizes=\"(max-width: 265px) 100vw, 265px\" \/><\/p>\n<p>Desde Lo del Momento Loja, brindamos los mejores augurios para este nuevo medio en la provincia que se une a las l\u00edneas de comunicaci\u00f3n, para beneficio de la comunidad lojana.<\/p>\n<p>www.lodelmomentoloja.com<br \/>\n#LDMnoticias #lodelmomentolojaLDM<\/p>\n","protected":false},"excerpt":{"rendered":"<p>\ud83d\udde3\ufe0f\ud83c\udf99\ufe0f\ud83d\udcfb \u00a1Inauguraci\u00f3n en Loja! A trav\u00e9s de una rueda de prensa y con la presencia&#8230;<\/p>\n","protected":false},"author":1,"featured_media":19456,"comment_status":"open","ping_status":"open","sticky":false,"template":"","format":"standard","meta":{"footnotes":""},"categories":[1,5],"tags":[],"class_list":["post-19455","post","type-post","status-publish","format-standard","has-post-thumbnail","hentry","category-inicio","category-loja"],"_links":{"self":[{"href":"https:\/\/www.lodelmomentoloja.com\/index.php?rest_route=\/wp\/v2\/posts\/19455"}],"collection":[{"href":"https:\/\/www.lodelmomentoloja.com\/index.php?rest_route=\/wp\/v2\/posts"}],"about":[{"href":"https:\/\/www.lodelmomentoloja.com\/index.php?rest_route=\/wp\/v2\/types\/post"}],"author":[{"embeddable":true,"href":"https:\/\/www.lodelmomentoloja.com\/index.php?rest_route=\/wp\/v2\/users\/1"}],"replies":[{"embeddable":true,"href":"https:\/\/www.lodelmomentoloja.com\/index.php?rest_route=%2Fwp%2Fv2%2Fcomments&post=19455"}],"version-history":[{"count":1,"href":"https:\/\/www.lodelmomentoloja.com\/index.php?rest_route=\/wp\/v2\/posts\/19455\/revisions"}],"predecessor-version":[{"id":19458,"href":"https:\/\/www.lodelmomentoloja.com\/index.php?rest_route=\/wp\/v2\/posts\/19455\/revisions\/19458"}],"wp:featuredmedia":[{"embeddable":true,"href":"https:\/\/www.lodelmomentoloja.com\/index.php?rest_route=\/wp\/v2\/media\/19456"}],"wp:attachment":[{"href":"https:\/\/www.lodelmomentoloja.com\/index.php?rest_route=%2Fwp%2Fv2%2Fmedia&parent=19455"}],"wp:term":[{"taxonomy":"category","embeddable":true,"href":"https:\/\/www.lodelmomentoloja.com\/index.php?rest_route=%2Fwp%2Fv2%2Fcategories&post=19455"},{"taxonomy":"post_tag","embeddable":true,"href":"https:\/\/www.lodelmomentoloja.com\/index.php?rest_route=%2Fwp%2Fv2%2Ftags&post=19455"}],"curies":[{"name":"wp","href":"https:\/\/api.w.org\/{rel}","templated":true}]}}