{"id":19309,"date":"2024-01-09T10:56:01","date_gmt":"2024-01-09T10:56:01","guid":{"rendered":"https:\/\/www.lodelmomentoloja.com\/?p=19309"},"modified":"2024-01-09T15:56:52","modified_gmt":"2024-01-09T15:56:52","slug":"fabricio-colon-se-fugo-de-la-carcel","status":"publish","type":"post","link":"https:\/\/www.lodelmomentoloja.com\/?p=19309","title":{"rendered":"Fabricio Col\u00f3n se fug\u00f3 de la c\u00e1rcel"},"content":{"rendered":"<p>\ud83d\ude31\ud83d\udc40\ud83d\ude44 \u00a1Y se march\u00f3! Durante la ola de violencia y ataques terroristas en el primer d\u00eda de estado de excepci\u00f3n, en Riobamba, reos protagonizaron una fuga masiva, en las cuales un total de 32 reclusos evadiaron los controles del centro carcelario. John Vinueza alcalde de Riobamba, confirm\u00f3 que entre los fugados, estaba Fabricio Col\u00f3n Pico, cabecilla del GDO Los Lobos y se\u00f1alado por planear un atentado contra Diana Salazar.<\/p>\n<p>www.lodelmomentoloja.com<br \/>\n#LDMnoticias #lodelmomentolojaLDM<\/p>\n","protected":false},"excerpt":{"rendered":"<p>\ud83d\ude31\ud83d\udc40\ud83d\ude44 \u00a1Y se march\u00f3! Durante la ola de violencia y ataques terroristas en el primer&#8230;<\/p>\n","protected":false},"author":1,"featured_media":19310,"comment_status":"open","ping_status":"open","sticky":false,"template":"","format":"standard","meta":{"footnotes":""},"categories":[7,1],"tags":[],"class_list":["post-19309","post","type-post","status-publish","format-standard","has-post-thumbnail","hentry","category-ecuador","category-inicio"],"_links":{"self":[{"href":"https:\/\/www.lodelmomentoloja.com\/index.php?rest_route=\/wp\/v2\/posts\/19309"}],"collection":[{"href":"https:\/\/www.lodelmomentoloja.com\/index.php?rest_route=\/wp\/v2\/posts"}],"about":[{"href":"https:\/\/www.lodelmomentoloja.com\/index.php?rest_route=\/wp\/v2\/types\/post"}],"author":[{"embeddable":true,"href":"https:\/\/www.lodelmomentoloja.com\/index.php?rest_route=\/wp\/v2\/users\/1"}],"replies":[{"embeddable":true,"href":"https:\/\/www.lodelmomentoloja.com\/index.php?rest_route=%2Fwp%2Fv2%2Fcomments&post=19309"}],"version-history":[{"count":1,"href":"https:\/\/www.lodelmomentoloja.com\/index.php?rest_route=\/wp\/v2\/posts\/19309\/revisions"}],"predecessor-version":[{"id":19311,"href":"https:\/\/www.lodelmomentoloja.com\/index.php?rest_route=\/wp\/v2\/posts\/19309\/revisions\/19311"}],"wp:featuredmedia":[{"embeddable":true,"href":"https:\/\/www.lodelmomentoloja.com\/index.php?rest_route=\/wp\/v2\/media\/19310"}],"wp:attachment":[{"href":"https:\/\/www.lodelmomentoloja.com\/index.php?rest_route=%2Fwp%2Fv2%2Fmedia&parent=19309"}],"wp:term":[{"taxonomy":"category","embeddable":true,"href":"https:\/\/www.lodelmomentoloja.com\/index.php?rest_route=%2Fwp%2Fv2%2Fcategories&post=19309"},{"taxonomy":"post_tag","embeddable":true,"href":"https:\/\/www.lodelmomentoloja.com\/index.php?rest_route=%2Fwp%2Fv2%2Ftags&post=19309"}],"curies":[{"name":"wp","href":"https:\/\/api.w.org\/{rel}","templated":true}]}}