{"id":19274,"date":"2024-01-03T12:50:05","date_gmt":"2024-01-03T12:50:05","guid":{"rendered":"https:\/\/www.lodelmomentoloja.com\/?p=19274"},"modified":"2024-01-03T18:51:28","modified_gmt":"2024-01-03T18:51:28","slug":"anuncian-despidos-en-el-sector-publico","status":"publish","type":"post","link":"https:\/\/www.lodelmomentoloja.com\/?p=19274","title":{"rendered":"Anuncian despidos en el sector p\u00fablico"},"content":{"rendered":"<p>\ud83d\ude05\ud83d\udde3\ufe0f\ud83d\udcca \u00a1Reducciones en la n\u00f3mina! El Gobierno analiza recortes en el sector p\u00fablico, seg\u00fan el viceministro de Gobierno, Esteban Torres, dijo que est\u00e1 previsto reducir la n\u00f3mina del Ejecutivo para \u201cajustarse el cintur\u00f3n como lo est\u00e1n haciendo los ecuatorianos\u201d y habl\u00f3 de los contratos ocasionales. El funcionario se\u00f1al\u00f3 que se est\u00e1 evaluando sector por sector y que los contratos ocasionales que se firmaron durante las \u00faltimas semanas del gobierno del expresidente Guillermo Lasso, no se renueven.<\/p>\n<p>www.lodelmomentoloja.com<br \/>\n#LDMnoticias #lodelmomentolojaLDM<\/p>\n","protected":false},"excerpt":{"rendered":"<p>\ud83d\ude05\ud83d\udde3\ufe0f\ud83d\udcca \u00a1Reducciones en la n\u00f3mina! El Gobierno analiza recortes en el sector p\u00fablico, seg\u00fan el&#8230;<\/p>\n","protected":false},"author":1,"featured_media":19275,"comment_status":"open","ping_status":"open","sticky":false,"template":"","format":"standard","meta":{"footnotes":""},"categories":[7,1],"tags":[],"class_list":["post-19274","post","type-post","status-publish","format-standard","has-post-thumbnail","hentry","category-ecuador","category-inicio"],"_links":{"self":[{"href":"https:\/\/www.lodelmomentoloja.com\/index.php?rest_route=\/wp\/v2\/posts\/19274"}],"collection":[{"href":"https:\/\/www.lodelmomentoloja.com\/index.php?rest_route=\/wp\/v2\/posts"}],"about":[{"href":"https:\/\/www.lodelmomentoloja.com\/index.php?rest_route=\/wp\/v2\/types\/post"}],"author":[{"embeddable":true,"href":"https:\/\/www.lodelmomentoloja.com\/index.php?rest_route=\/wp\/v2\/users\/1"}],"replies":[{"embeddable":true,"href":"https:\/\/www.lodelmomentoloja.com\/index.php?rest_route=%2Fwp%2Fv2%2Fcomments&post=19274"}],"version-history":[{"count":1,"href":"https:\/\/www.lodelmomentoloja.com\/index.php?rest_route=\/wp\/v2\/posts\/19274\/revisions"}],"predecessor-version":[{"id":19276,"href":"https:\/\/www.lodelmomentoloja.com\/index.php?rest_route=\/wp\/v2\/posts\/19274\/revisions\/19276"}],"wp:featuredmedia":[{"embeddable":true,"href":"https:\/\/www.lodelmomentoloja.com\/index.php?rest_route=\/wp\/v2\/media\/19275"}],"wp:attachment":[{"href":"https:\/\/www.lodelmomentoloja.com\/index.php?rest_route=%2Fwp%2Fv2%2Fmedia&parent=19274"}],"wp:term":[{"taxonomy":"category","embeddable":true,"href":"https:\/\/www.lodelmomentoloja.com\/index.php?rest_route=%2Fwp%2Fv2%2Fcategories&post=19274"},{"taxonomy":"post_tag","embeddable":true,"href":"https:\/\/www.lodelmomentoloja.com\/index.php?rest_route=%2Fwp%2Fv2%2Ftags&post=19274"}],"curies":[{"name":"wp","href":"https:\/\/api.w.org\/{rel}","templated":true}]}}