{"id":1912,"date":"2021-01-15T13:03:10","date_gmt":"2021-01-15T13:03:10","guid":{"rendered":"http:\/\/www.lodelmomentoloja.com\/?p=1912"},"modified":"2021-01-15T18:05:39","modified_gmt":"2021-01-15T18:05:39","slug":"candidato-de-la-alianza-honestidad-renuncio-al-fondo-de-promocion-electoral","status":"publish","type":"post","link":"https:\/\/www.lodelmomentoloja.com\/?p=1912","title":{"rendered":"Candidato de la Alianza Honestidad renunci\u00f3 al fondo de promoci\u00f3n electoral"},"content":{"rendered":"<p>#Loja | Candidato de la Alianza Honestidad renunci\u00f3 al fondo de promoci\u00f3n electoral<\/p>\n<p>Pablo Carri\u00f3n, candidato a la Asamblea Nacional por la Provincia de Loja, por la Alianza Honestidad el pasado 05 de enero de 2021, decidi\u00f3 renunciar al fondo de promoci\u00f3n electoral que brinda el estado en \u00e9poca electoral para los partidos pol\u00edticos.<\/p>\n<p>Este fondo es para publicitar a los candidatos en medios de comunicaci\u00f3n, medios digitales, vallas publicitarias, etc. Carri\u00f3n, justifica su actuar debido a la crisis sanitaria y econ\u00f3mica que atraviesa el pa\u00eds, \u201cNo topamos un centavo, del dinero que es del pueblo, que no se lo debe invertir en pol\u00edtica.\u201d dijo, en la entrevista realizada el d\u00eda de ayer 14 de enero del presente en nuestro medio digital Lo Del Momento Loja.<\/p>\n<p>La iniciativa es a nivel nacional, ya que el candidato de la Alianza Honestidad (Partido Socialista Ecuatoriano y Concertaci\u00f3n) C\u00e9sar Montufar, tambi\u00e9n renunci\u00f3 al fondo de promoci\u00f3n electoral.<\/p>\n<p>Sin embargo, el C\u00f3digo de la de Democracia en su articulo 223 literal 1 dice; \u201cLas organizaciones pol\u00edticas o candidato que haya recibido financiamiento del estado a trav\u00e9s del Fondo y Promoci\u00f3n Electoral, deber\u00e1n reintegrar el 50% de los valores y montos entregados por el estado luego de la segunda elecci\u00f3n cuando el mismo candidato no obtenga al menos un 4% de los votos v\u00e1lidos en la respectiva dignidad, binomio o lista seg\u00fan corresponda.\u201d<\/p>\n<p>www.lodelmomentoloja.com<br \/>\n#LDMnoticias #lodelmomentolojaLDM<\/p>\n","protected":false},"excerpt":{"rendered":"<p>#Loja | Candidato de la Alianza Honestidad renunci\u00f3 al fondo de promoci\u00f3n electoral Pablo Carri\u00f3n,&#8230;<\/p>\n","protected":false},"author":1,"featured_media":1913,"comment_status":"open","ping_status":"open","sticky":false,"template":"","format":"standard","meta":{"footnotes":""},"categories":[1],"tags":[],"class_list":["post-1912","post","type-post","status-publish","format-standard","has-post-thumbnail","hentry","category-inicio"],"_links":{"self":[{"href":"https:\/\/www.lodelmomentoloja.com\/index.php?rest_route=\/wp\/v2\/posts\/1912"}],"collection":[{"href":"https:\/\/www.lodelmomentoloja.com\/index.php?rest_route=\/wp\/v2\/posts"}],"about":[{"href":"https:\/\/www.lodelmomentoloja.com\/index.php?rest_route=\/wp\/v2\/types\/post"}],"author":[{"embeddable":true,"href":"https:\/\/www.lodelmomentoloja.com\/index.php?rest_route=\/wp\/v2\/users\/1"}],"replies":[{"embeddable":true,"href":"https:\/\/www.lodelmomentoloja.com\/index.php?rest_route=%2Fwp%2Fv2%2Fcomments&post=1912"}],"version-history":[{"count":1,"href":"https:\/\/www.lodelmomentoloja.com\/index.php?rest_route=\/wp\/v2\/posts\/1912\/revisions"}],"predecessor-version":[{"id":1914,"href":"https:\/\/www.lodelmomentoloja.com\/index.php?rest_route=\/wp\/v2\/posts\/1912\/revisions\/1914"}],"wp:featuredmedia":[{"embeddable":true,"href":"https:\/\/www.lodelmomentoloja.com\/index.php?rest_route=\/wp\/v2\/media\/1913"}],"wp:attachment":[{"href":"https:\/\/www.lodelmomentoloja.com\/index.php?rest_route=%2Fwp%2Fv2%2Fmedia&parent=1912"}],"wp:term":[{"taxonomy":"category","embeddable":true,"href":"https:\/\/www.lodelmomentoloja.com\/index.php?rest_route=%2Fwp%2Fv2%2Fcategories&post=1912"},{"taxonomy":"post_tag","embeddable":true,"href":"https:\/\/www.lodelmomentoloja.com\/index.php?rest_route=%2Fwp%2Fv2%2Ftags&post=1912"}],"curies":[{"name":"wp","href":"https:\/\/api.w.org\/{rel}","templated":true}]}}