{"id":18866,"date":"2023-11-24T13:18:05","date_gmt":"2023-11-24T13:18:05","guid":{"rendered":"https:\/\/www.lodelmomentoloja.com\/?p=18866"},"modified":"2023-11-24T18:22:07","modified_gmt":"2023-11-24T18:22:07","slug":"veronica-abad-en-su-primera-visita-a-la-vicepresidencia-del-ecuador","status":"publish","type":"post","link":"https:\/\/www.lodelmomentoloja.com\/?p=18866","title":{"rendered":"Ver\u00f3nica Abad en su primera visita a la vicepresidencia del Ecuador"},"content":{"rendered":"<p dir=\"ltr\">\ud83c\uddea\ud83c\udde8\ud83d\udc4f\ud83c\udffb\ud83e\udd1d\ud83c\udffb \u00a1A trabajar se ha dicho! La vicepresidenta Ver\u00f3nica Abad, ingres\u00f3 a las instalaciones de la vicepresidencia y en su primera visita oficial salud\u00f3 a su equipo de trabajo y funcionarios de la instituci\u00f3n.<\/p>\n<p dir=\"ltr\">&#8220;La defensa de la libertad siempre ser\u00e1 un valor fundamental para construir el #NuevoEcuador que merecen. Hoy vamos a demostrar que en unidad, se pueden hacer trabajos maravillosos. Gracias por darme la oportunidad de servir junto a ustedes&#8221; &#8211;\u00a0 agrego la autoridad previo al inicio de sus funciones.<\/p>\n<p dir=\"ltr\"><img loading=\"lazy\" decoding=\"async\" class=\"alignnone size-medium wp-image-18867\" src=\"http:\/\/www.lodelmomentoloja.com\/wp-content\/uploads\/2023\/11\/IMG-20231124-WA0085-300x200.jpg\" alt=\"\" width=\"300\" height=\"200\" srcset=\"https:\/\/www.lodelmomentoloja.com\/wp-content\/uploads\/2023\/11\/IMG-20231124-WA0085-300x200.jpg 300w, https:\/\/www.lodelmomentoloja.com\/wp-content\/uploads\/2023\/11\/IMG-20231124-WA0085-768x512.jpg 768w, https:\/\/www.lodelmomentoloja.com\/wp-content\/uploads\/2023\/11\/IMG-20231124-WA0085-640x426.jpg 640w, https:\/\/www.lodelmomentoloja.com\/wp-content\/uploads\/2023\/11\/IMG-20231124-WA0085.jpg 1024w\" sizes=\"(max-width: 300px) 100vw, 300px\" \/><\/p>\n<p dir=\"ltr\">www.lodelmomentoloja.com<br \/>\n#LDMnoticias#lodelmomentolojaLDM<\/p>\n","protected":false},"excerpt":{"rendered":"<p>\ud83c\uddea\ud83c\udde8\ud83d\udc4f\ud83c\udffb\ud83e\udd1d\ud83c\udffb \u00a1A trabajar se ha dicho! La vicepresidenta Ver\u00f3nica Abad, ingres\u00f3 a las instalaciones de&#8230;<\/p>\n","protected":false},"author":1,"featured_media":18868,"comment_status":"open","ping_status":"open","sticky":false,"template":"","format":"standard","meta":{"footnotes":""},"categories":[7,1],"tags":[],"class_list":["post-18866","post","type-post","status-publish","format-standard","has-post-thumbnail","hentry","category-ecuador","category-inicio"],"_links":{"self":[{"href":"https:\/\/www.lodelmomentoloja.com\/index.php?rest_route=\/wp\/v2\/posts\/18866"}],"collection":[{"href":"https:\/\/www.lodelmomentoloja.com\/index.php?rest_route=\/wp\/v2\/posts"}],"about":[{"href":"https:\/\/www.lodelmomentoloja.com\/index.php?rest_route=\/wp\/v2\/types\/post"}],"author":[{"embeddable":true,"href":"https:\/\/www.lodelmomentoloja.com\/index.php?rest_route=\/wp\/v2\/users\/1"}],"replies":[{"embeddable":true,"href":"https:\/\/www.lodelmomentoloja.com\/index.php?rest_route=%2Fwp%2Fv2%2Fcomments&post=18866"}],"version-history":[{"count":1,"href":"https:\/\/www.lodelmomentoloja.com\/index.php?rest_route=\/wp\/v2\/posts\/18866\/revisions"}],"predecessor-version":[{"id":18869,"href":"https:\/\/www.lodelmomentoloja.com\/index.php?rest_route=\/wp\/v2\/posts\/18866\/revisions\/18869"}],"wp:featuredmedia":[{"embeddable":true,"href":"https:\/\/www.lodelmomentoloja.com\/index.php?rest_route=\/wp\/v2\/media\/18868"}],"wp:attachment":[{"href":"https:\/\/www.lodelmomentoloja.com\/index.php?rest_route=%2Fwp%2Fv2%2Fmedia&parent=18866"}],"wp:term":[{"taxonomy":"category","embeddable":true,"href":"https:\/\/www.lodelmomentoloja.com\/index.php?rest_route=%2Fwp%2Fv2%2Fcategories&post=18866"},{"taxonomy":"post_tag","embeddable":true,"href":"https:\/\/www.lodelmomentoloja.com\/index.php?rest_route=%2Fwp%2Fv2%2Ftags&post=18866"}],"curies":[{"name":"wp","href":"https:\/\/api.w.org\/{rel}","templated":true}]}}