{"id":1855,"date":"2021-01-13T11:17:31","date_gmt":"2021-01-13T11:17:31","guid":{"rendered":"http:\/\/www.lodelmomentoloja.com\/?p=1855"},"modified":"2021-01-13T16:19:46","modified_gmt":"2021-01-13T16:19:46","slug":"seran-siete-fases-para-la-vacunacion","status":"publish","type":"post","link":"https:\/\/www.lodelmomentoloja.com\/?p=1855","title":{"rendered":"Ser\u00e1n siete fases para la vacunaci\u00f3n."},"content":{"rendered":"<p>#Ecuador | Ser\u00e1n siete fases para la vacunaci\u00f3n.<\/p>\n<p>Juan Carlos Zevallos, ministro de salud, detall\u00f3 que ser\u00e1n siete fases el proceso de vacunaci\u00f3n:<\/p>\n<p>1. Confirmar la cita<br \/>\n2. Uso de medidas higi\u00e9nicas en unidades de vacunaci\u00f3n<br \/>\n3. Explicaci\u00f3n del procedimiento de vacunaci\u00f3n<br \/>\n4. Vacunaci\u00f3n<br \/>\n5. Registro<br \/>\n6. Entrega de documentaci\u00f3n y fecha para la segunda dosis<br \/>\n7. Observaci\u00f3n en las unidades de vacunaci\u00f3n por 30 minutos.<\/p>\n<p>As\u00ed lo dio a conocer el Ministro de Salud, mediante rueda de prensa virtual, el cual se encuentra en Washington Estados Unidos. As\u00ed mismo con este viaje aspiran a adquirir el doble de vacunas, pero existe una demanda a nivel mundial por lo que est\u00e1n realizando gestiones.<\/p>\n<p>Anunci\u00f3 que, a nivel nacional, hay un 39% de ocupaci\u00f3n en hospitalizaci\u00f3n para tratar coronavirus y 85% de camas de cuidados intensivos (UCI) y que no ha variado desde la semana pasada.<\/p>\n<p>Ecuador es el segundo pa\u00eds de Sudam\u00e9rica que iniciar\u00e1 a vacunar con Pfizer, as\u00ed lo aseguro el Secretario de la Presidencia Juan Sebasti\u00e1n Rold\u00e1n.<\/p>\n<p>Justifico su viaje a Estado Unidos para mantener conversaciones con Pfizer, Johnson &amp; Johnson, entre otros, con el objetivo de llegar a acuerdos p\u00fablico-privado, para adquirir la mayor cantidad de vacunas para el pa\u00eds, que llegar\u00e1n a partir del 18 de enero de 2021.<\/p>\n","protected":false},"excerpt":{"rendered":"<p>#Ecuador | Ser\u00e1n siete fases para la vacunaci\u00f3n. Juan Carlos Zevallos, ministro de salud, detall\u00f3&#8230;<\/p>\n","protected":false},"author":1,"featured_media":1870,"comment_status":"open","ping_status":"open","sticky":false,"template":"","format":"standard","meta":{"footnotes":""},"categories":[1],"tags":[],"class_list":["post-1855","post","type-post","status-publish","format-standard","has-post-thumbnail","hentry","category-inicio"],"_links":{"self":[{"href":"https:\/\/www.lodelmomentoloja.com\/index.php?rest_route=\/wp\/v2\/posts\/1855"}],"collection":[{"href":"https:\/\/www.lodelmomentoloja.com\/index.php?rest_route=\/wp\/v2\/posts"}],"about":[{"href":"https:\/\/www.lodelmomentoloja.com\/index.php?rest_route=\/wp\/v2\/types\/post"}],"author":[{"embeddable":true,"href":"https:\/\/www.lodelmomentoloja.com\/index.php?rest_route=\/wp\/v2\/users\/1"}],"replies":[{"embeddable":true,"href":"https:\/\/www.lodelmomentoloja.com\/index.php?rest_route=%2Fwp%2Fv2%2Fcomments&post=1855"}],"version-history":[{"count":1,"href":"https:\/\/www.lodelmomentoloja.com\/index.php?rest_route=\/wp\/v2\/posts\/1855\/revisions"}],"predecessor-version":[{"id":1871,"href":"https:\/\/www.lodelmomentoloja.com\/index.php?rest_route=\/wp\/v2\/posts\/1855\/revisions\/1871"}],"wp:featuredmedia":[{"embeddable":true,"href":"https:\/\/www.lodelmomentoloja.com\/index.php?rest_route=\/wp\/v2\/media\/1870"}],"wp:attachment":[{"href":"https:\/\/www.lodelmomentoloja.com\/index.php?rest_route=%2Fwp%2Fv2%2Fmedia&parent=1855"}],"wp:term":[{"taxonomy":"category","embeddable":true,"href":"https:\/\/www.lodelmomentoloja.com\/index.php?rest_route=%2Fwp%2Fv2%2Fcategories&post=1855"},{"taxonomy":"post_tag","embeddable":true,"href":"https:\/\/www.lodelmomentoloja.com\/index.php?rest_route=%2Fwp%2Fv2%2Ftags&post=1855"}],"curies":[{"name":"wp","href":"https:\/\/api.w.org\/{rel}","templated":true}]}}