{"id":18487,"date":"2023-10-30T12:02:10","date_gmt":"2023-10-30T12:02:10","guid":{"rendered":"https:\/\/www.lodelmomentoloja.com\/?p=18487"},"modified":"2023-10-30T17:39:35","modified_gmt":"2023-10-30T17:39:35","slug":"presunto-caso-de-acoso-laboral-en-la-eerssa","status":"publish","type":"post","link":"https:\/\/www.lodelmomentoloja.com\/?p=18487","title":{"rendered":"\u00bfComplicidad para el silencio? Caso de presunto acoso laboral en la EERSSA."},"content":{"rendered":"<p>Desde la llega de Rudy Valdivieso para ejercer el cargo como Presidente Ejecutivo de la EERSSA, los esc\u00e1ndalos y disputas no paran y siguen siendo pan de cada d\u00eda; en esta ocasi\u00f3n, <strong>Fabi\u00e1n Guerrero, funcionario de la instituci\u00f3n<\/strong> como Superintendente Administrativo y Servicios Generales, <strong>increp\u00f3 a Valdivieso por diferentes temas donde lo involucran dejando constancia hizo por escrito<\/strong>, resaltando que lo generando no solo un mal ambiente de trabajo sino una acci\u00f3n que podr\u00eda tratar una presunta complicidad en el caso de acolo labora que posteriormente les detallaremos.<\/p>\n<p><img loading=\"lazy\" decoding=\"async\" class=\"alignnone wp-image-18495 size-large\" src=\"http:\/\/www.lodelmomentoloja.com\/wp-content\/uploads\/2023\/10\/fre3w2q-1-771x1024.jpg\" alt=\"\" width=\"640\" height=\"850\" srcset=\"https:\/\/www.lodelmomentoloja.com\/wp-content\/uploads\/2023\/10\/fre3w2q-1-771x1024.jpg 771w, https:\/\/www.lodelmomentoloja.com\/wp-content\/uploads\/2023\/10\/fre3w2q-1-226x300.jpg 226w, https:\/\/www.lodelmomentoloja.com\/wp-content\/uploads\/2023\/10\/fre3w2q-1-768x1021.jpg 768w, https:\/\/www.lodelmomentoloja.com\/wp-content\/uploads\/2023\/10\/fre3w2q-1-640x850.jpg 640w, https:\/\/www.lodelmomentoloja.com\/wp-content\/uploads\/2023\/10\/fre3w2q-1-1156x1536.jpg 1156w, https:\/\/www.lodelmomentoloja.com\/wp-content\/uploads\/2023\/10\/fre3w2q-1-1024x1361.jpg 1024w, https:\/\/www.lodelmomentoloja.com\/wp-content\/uploads\/2023\/10\/fre3w2q-1.jpg 1204w\" sizes=\"(max-width: 640px) 100vw, 640px\" \/><\/p>\n<p><img loading=\"lazy\" decoding=\"async\" class=\"alignnone wp-image-18493 size-large\" src=\"http:\/\/www.lodelmomentoloja.com\/wp-content\/uploads\/2023\/10\/333-771x1024.jpg\" alt=\"\" width=\"640\" height=\"850\" srcset=\"https:\/\/www.lodelmomentoloja.com\/wp-content\/uploads\/2023\/10\/333-771x1024.jpg 771w, https:\/\/www.lodelmomentoloja.com\/wp-content\/uploads\/2023\/10\/333-226x300.jpg 226w, https:\/\/www.lodelmomentoloja.com\/wp-content\/uploads\/2023\/10\/333-768x1021.jpg 768w, https:\/\/www.lodelmomentoloja.com\/wp-content\/uploads\/2023\/10\/333-640x850.jpg 640w, https:\/\/www.lodelmomentoloja.com\/wp-content\/uploads\/2023\/10\/333-1156x1536.jpg 1156w, https:\/\/www.lodelmomentoloja.com\/wp-content\/uploads\/2023\/10\/333-1024x1361.jpg 1024w, https:\/\/www.lodelmomentoloja.com\/wp-content\/uploads\/2023\/10\/333.jpg 1204w\" sizes=\"(max-width: 640px) 100vw, 640px\" \/><\/p>\n<h4>\u00bfCOMPLICIDAD POR EL CASO ACOSO LABORA?<\/h4>\n<p><img loading=\"lazy\" decoding=\"async\" class=\"wp-image-18497 alignleft\" src=\"http:\/\/www.lodelmomentoloja.com\/wp-content\/uploads\/2023\/10\/hygtre43w2222-906x1024.jpg\" alt=\"\" width=\"552\" height=\"624\" srcset=\"https:\/\/www.lodelmomentoloja.com\/wp-content\/uploads\/2023\/10\/hygtre43w2222-906x1024.jpg 906w, https:\/\/www.lodelmomentoloja.com\/wp-content\/uploads\/2023\/10\/hygtre43w2222-266x300.jpg 266w, https:\/\/www.lodelmomentoloja.com\/wp-content\/uploads\/2023\/10\/hygtre43w2222-768x868.jpg 768w, https:\/\/www.lodelmomentoloja.com\/wp-content\/uploads\/2023\/10\/hygtre43w2222-640x723.jpg 640w, https:\/\/www.lodelmomentoloja.com\/wp-content\/uploads\/2023\/10\/hygtre43w2222-1360x1536.jpg 1360w, https:\/\/www.lodelmomentoloja.com\/wp-content\/uploads\/2023\/10\/hygtre43w2222-1813x2048.jpg 1813w, https:\/\/www.lodelmomentoloja.com\/wp-content\/uploads\/2023\/10\/hygtre43w2222-1024x1157.jpg 1024w\" sizes=\"(max-width: 552px) 100vw, 552px\" \/><\/p>\n<p>&nbsp;<\/p>\n<p>Lo m\u00e1s complejo en este oficio que deja Fabi\u00e1n Guerrero, es lo que se refiere a la investigaci\u00f3n realizada por el delito de acoso labora por parte de Marcelo Soto como asesor Jur\u00eddico de EERSSA contra la funcionaria Celene F, manifestando que el mismo presidente ejecutivo de la EERSSA lo hab\u00eda acusado de parcializar el caso de acoso, algo que est\u00e1 contemplado con sanciones con los estatutos internos de la instituci\u00f3n e incluso a consecuencias con la justicia ordinaria.<\/p>\n<p>Esta situaci\u00f3n no sent\u00f3 bien al presidente ejecutivo de la Empresa El\u00e9ctrica y por ello, <strong>lo obliga al funcionario Guerrero a tomar vacaciones acumuladas de 44 d\u00edas<\/strong>, claramente para no tenerlo hasta que Rudy Valdivieso deje el cargo de autoridad, esto, en medio de un aparente concurso de m\u00e9ritos y oposici\u00f3n.<\/p>\n<p>Hay que recordar qu\u00e9, LDM hab\u00eda expuesto que <a href=\"https:\/\/www.lodelmomentoloja.com\/?p=16728\">Rudy Valdivieso podr\u00eda llegar a la EERSSA<\/a> por tener cierta relaci\u00f3n pol\u00edtica con el ahora asamble\u00edsta Rafael D\u00e1vila, puesto que al interno de la instituci\u00f3n se rumoraba que eso ser\u00eda un hecho, incluso, en la campa\u00f1a electoral de las elecciones anticipadas 2023 se lo vio posando y sonriente con militantes de la lista Actuemos 8-23.<\/p>\n<p>&nbsp;<\/p>\n<p>S\u00edguenos para m\u00e1s informaci\u00f3n con #LDMnoticias \u00f3 #lodelmomentolojaLDM<\/p>\n","protected":false},"excerpt":{"rendered":"<p>Desde la llega de Rudy Valdivieso para ejercer el cargo como Presidente Ejecutivo de la&#8230;<\/p>\n","protected":false},"author":1,"featured_media":18490,"comment_status":"open","ping_status":"open","sticky":false,"template":"","format":"standard","meta":{"footnotes":""},"categories":[7,1,5],"tags":[],"class_list":["post-18487","post","type-post","status-publish","format-standard","has-post-thumbnail","hentry","category-ecuador","category-inicio","category-loja"],"_links":{"self":[{"href":"https:\/\/www.lodelmomentoloja.com\/index.php?rest_route=\/wp\/v2\/posts\/18487"}],"collection":[{"href":"https:\/\/www.lodelmomentoloja.com\/index.php?rest_route=\/wp\/v2\/posts"}],"about":[{"href":"https:\/\/www.lodelmomentoloja.com\/index.php?rest_route=\/wp\/v2\/types\/post"}],"author":[{"embeddable":true,"href":"https:\/\/www.lodelmomentoloja.com\/index.php?rest_route=\/wp\/v2\/users\/1"}],"replies":[{"embeddable":true,"href":"https:\/\/www.lodelmomentoloja.com\/index.php?rest_route=%2Fwp%2Fv2%2Fcomments&post=18487"}],"version-history":[{"count":3,"href":"https:\/\/www.lodelmomentoloja.com\/index.php?rest_route=\/wp\/v2\/posts\/18487\/revisions"}],"predecessor-version":[{"id":18498,"href":"https:\/\/www.lodelmomentoloja.com\/index.php?rest_route=\/wp\/v2\/posts\/18487\/revisions\/18498"}],"wp:featuredmedia":[{"embeddable":true,"href":"https:\/\/www.lodelmomentoloja.com\/index.php?rest_route=\/wp\/v2\/media\/18490"}],"wp:attachment":[{"href":"https:\/\/www.lodelmomentoloja.com\/index.php?rest_route=%2Fwp%2Fv2%2Fmedia&parent=18487"}],"wp:term":[{"taxonomy":"category","embeddable":true,"href":"https:\/\/www.lodelmomentoloja.com\/index.php?rest_route=%2Fwp%2Fv2%2Fcategories&post=18487"},{"taxonomy":"post_tag","embeddable":true,"href":"https:\/\/www.lodelmomentoloja.com\/index.php?rest_route=%2Fwp%2Fv2%2Ftags&post=18487"}],"curies":[{"name":"wp","href":"https:\/\/api.w.org\/{rel}","templated":true}]}}