{"id":18082,"date":"2023-09-28T09:23:07","date_gmt":"2023-09-28T09:23:07","guid":{"rendered":"https:\/\/www.lodelmomentoloja.com\/?p=18082"},"modified":"2023-09-28T14:31:22","modified_gmt":"2023-09-28T14:31:22","slug":"destitucion-y-prision-preventiva-para-vocal-de-la-judicatura","status":"publish","type":"post","link":"https:\/\/www.lodelmomentoloja.com\/?p=18082","title":{"rendered":"Destituci\u00f3n y prisi\u00f3n preventiva para vocal de la judicatura"},"content":{"rendered":"<p>\ud83d\udc6e\ud83c\udffb\u26d3\ufe0f\ud83d\udde3\ufe0f \u00a1Para afuera y a cana! Prisi\u00f3n preventiva se dict\u00f3 a la vocal del Consejo de la Judicatura Ruth Barrero por parte del juez Walter Mac\u00edas, as\u00ed mismo, se emiti\u00f3 una boleta de localizaci\u00f3n y captura de la funcionaria. En ese sentido, se llama a juicio junto al vocal Juan Jos\u00e9 Morillo y al juez Vladimir Jhayya por presunto tr\u00e1fico de influencias.<\/p>\n<p>El magistrado ofici\u00f3 la inhabilidad para los tres procesados. Esto ocurri\u00f3 hoy, jueves 28 de septiembre de 2023, luego de que la fiscal Diana Salazar M\u00e9ndez solicitara prisi\u00f3n preventiva y que se llame a juicio a Barreno por presunto tr\u00e1fico de influencias, la tarde del mi\u00e9rcoles 27 de septiembre.<\/p>\n<p>Click en el siguiente link \ud83d\udc49\ud83c\udffc\u00a0<a href=\"https:\/\/twitter.com\/JacquelineRodas\/status\/1707274006267601096\">https:\/\/twitter.com\/JacquelineRodas\/status\/1707274006267601096<\/a><\/p>\n<p>Salazar los acus\u00f3 como coautores del delito a Barreno y Morillo, mientras que a Jhayya lo imputa en calidad de c\u00f3mplice. Adem\u00e1s, requiri\u00f3 que se otorguen medidas de protecci\u00f3n para el fiscal a cargo de la causa y su equipo de apoyo, adem\u00e1s de los jueces de la Sala Penal de Corte Nacional.<\/p>\n<p>Fuente: Ecuavisa.<\/p>\n<p>www.lodelmomentoloja.com<\/p>\n<p>#LDMnoticias #lodelmomentolojaLDM<\/p>\n","protected":false},"excerpt":{"rendered":"<p>\ud83d\udc6e\ud83c\udffb\u26d3\ufe0f\ud83d\udde3\ufe0f \u00a1Para afuera y a cana! Prisi\u00f3n preventiva se dict\u00f3 a la vocal del Consejo&#8230;<\/p>\n","protected":false},"author":1,"featured_media":18083,"comment_status":"open","ping_status":"open","sticky":false,"template":"","format":"standard","meta":{"footnotes":""},"categories":[7,1],"tags":[],"class_list":["post-18082","post","type-post","status-publish","format-standard","has-post-thumbnail","hentry","category-ecuador","category-inicio"],"_links":{"self":[{"href":"https:\/\/www.lodelmomentoloja.com\/index.php?rest_route=\/wp\/v2\/posts\/18082"}],"collection":[{"href":"https:\/\/www.lodelmomentoloja.com\/index.php?rest_route=\/wp\/v2\/posts"}],"about":[{"href":"https:\/\/www.lodelmomentoloja.com\/index.php?rest_route=\/wp\/v2\/types\/post"}],"author":[{"embeddable":true,"href":"https:\/\/www.lodelmomentoloja.com\/index.php?rest_route=\/wp\/v2\/users\/1"}],"replies":[{"embeddable":true,"href":"https:\/\/www.lodelmomentoloja.com\/index.php?rest_route=%2Fwp%2Fv2%2Fcomments&post=18082"}],"version-history":[{"count":1,"href":"https:\/\/www.lodelmomentoloja.com\/index.php?rest_route=\/wp\/v2\/posts\/18082\/revisions"}],"predecessor-version":[{"id":18084,"href":"https:\/\/www.lodelmomentoloja.com\/index.php?rest_route=\/wp\/v2\/posts\/18082\/revisions\/18084"}],"wp:featuredmedia":[{"embeddable":true,"href":"https:\/\/www.lodelmomentoloja.com\/index.php?rest_route=\/wp\/v2\/media\/18083"}],"wp:attachment":[{"href":"https:\/\/www.lodelmomentoloja.com\/index.php?rest_route=%2Fwp%2Fv2%2Fmedia&parent=18082"}],"wp:term":[{"taxonomy":"category","embeddable":true,"href":"https:\/\/www.lodelmomentoloja.com\/index.php?rest_route=%2Fwp%2Fv2%2Fcategories&post=18082"},{"taxonomy":"post_tag","embeddable":true,"href":"https:\/\/www.lodelmomentoloja.com\/index.php?rest_route=%2Fwp%2Fv2%2Ftags&post=18082"}],"curies":[{"name":"wp","href":"https:\/\/api.w.org\/{rel}","templated":true}]}}