{"id":17994,"date":"2023-09-22T12:05:02","date_gmt":"2023-09-22T12:05:02","guid":{"rendered":"https:\/\/www.lodelmomentoloja.com\/?p=17994"},"modified":"2023-09-22T17:12:10","modified_gmt":"2023-09-22T17:12:10","slug":"ministerio-de-educacion-deroga-acuerdo","status":"publish","type":"post","link":"https:\/\/www.lodelmomentoloja.com\/?p=17994","title":{"rendered":"Ministerio de Educaci\u00f3n deroga acuerdo"},"content":{"rendered":"<div class=\"paragraph lead\">\n<p class=\"lead\">\ud83d\udd34\ud83e\uddd1\u200d\ud83c\udf93\ud83d\udcdd \u00a1Los conflictos escolares! El Ministerio de Educaci\u00f3n derog\u00f3 el pasado 21 de septiembre de 2023 un documento, en el que se prohib\u00eda sancionar a los alumnos por varias faltas tales como fraude, deshonestidad acad\u00e9mica, mal uso del uniforme, entre otros. La medida hab\u00eda provocado una ola de cr\u00edticas.<\/p>\n<\/div>\n<div class=\"paragraph v3\">\n<p class=\"parrafo n1\">Todo empez\u00f3 el pasado 11 de septiembre cuando se emiti\u00f3 el Acuerdo Ministerial No.00055-A, en el que se establec\u00edan directrices para el manejo de los procesos educativos restaurativos dirigidos a estudiantes.<\/p>\n<p class=\"parrafo n2\">En el art\u00edculo 20 de la norma, se mencionaba una serie de conflictos escolares que\u00a0<b>no llegaban a ser considerados como faltas<\/b> por la Ley Org\u00e1nica de Educaci\u00f3n Intercultural.<\/p>\n<p><img loading=\"lazy\" decoding=\"async\" class=\"alignnone size-medium wp-image-17995\" src=\"http:\/\/www.lodelmomentoloja.com\/wp-content\/uploads\/2023\/09\/FB_IMG_1695398831898-212x300.jpg\" alt=\"\" width=\"212\" height=\"300\" srcset=\"https:\/\/www.lodelmomentoloja.com\/wp-content\/uploads\/2023\/09\/FB_IMG_1695398831898-212x300.jpg 212w, https:\/\/www.lodelmomentoloja.com\/wp-content\/uploads\/2023\/09\/FB_IMG_1695398831898-724x1024.jpg 724w, https:\/\/www.lodelmomentoloja.com\/wp-content\/uploads\/2023\/09\/FB_IMG_1695398831898-768x1087.jpg 768w, https:\/\/www.lodelmomentoloja.com\/wp-content\/uploads\/2023\/09\/FB_IMG_1695398831898-640x905.jpg 640w, https:\/\/www.lodelmomentoloja.com\/wp-content\/uploads\/2023\/09\/FB_IMG_1695398831898-1024x1449.jpg 1024w, https:\/\/www.lodelmomentoloja.com\/wp-content\/uploads\/2023\/09\/FB_IMG_1695398831898.jpg 1080w\" sizes=\"(max-width: 212px) 100vw, 212px\" \/><\/p>\n<\/div>\n","protected":false},"excerpt":{"rendered":"<p>\ud83d\udd34\ud83e\uddd1\u200d\ud83c\udf93\ud83d\udcdd \u00a1Los conflictos escolares! El Ministerio de Educaci\u00f3n derog\u00f3 el pasado 21 de septiembre de&#8230;<\/p>\n","protected":false},"author":1,"featured_media":17996,"comment_status":"open","ping_status":"open","sticky":false,"template":"","format":"standard","meta":{"footnotes":""},"categories":[7,1],"tags":[],"class_list":["post-17994","post","type-post","status-publish","format-standard","has-post-thumbnail","hentry","category-ecuador","category-inicio"],"_links":{"self":[{"href":"https:\/\/www.lodelmomentoloja.com\/index.php?rest_route=\/wp\/v2\/posts\/17994"}],"collection":[{"href":"https:\/\/www.lodelmomentoloja.com\/index.php?rest_route=\/wp\/v2\/posts"}],"about":[{"href":"https:\/\/www.lodelmomentoloja.com\/index.php?rest_route=\/wp\/v2\/types\/post"}],"author":[{"embeddable":true,"href":"https:\/\/www.lodelmomentoloja.com\/index.php?rest_route=\/wp\/v2\/users\/1"}],"replies":[{"embeddable":true,"href":"https:\/\/www.lodelmomentoloja.com\/index.php?rest_route=%2Fwp%2Fv2%2Fcomments&post=17994"}],"version-history":[{"count":1,"href":"https:\/\/www.lodelmomentoloja.com\/index.php?rest_route=\/wp\/v2\/posts\/17994\/revisions"}],"predecessor-version":[{"id":17997,"href":"https:\/\/www.lodelmomentoloja.com\/index.php?rest_route=\/wp\/v2\/posts\/17994\/revisions\/17997"}],"wp:featuredmedia":[{"embeddable":true,"href":"https:\/\/www.lodelmomentoloja.com\/index.php?rest_route=\/wp\/v2\/media\/17996"}],"wp:attachment":[{"href":"https:\/\/www.lodelmomentoloja.com\/index.php?rest_route=%2Fwp%2Fv2%2Fmedia&parent=17994"}],"wp:term":[{"taxonomy":"category","embeddable":true,"href":"https:\/\/www.lodelmomentoloja.com\/index.php?rest_route=%2Fwp%2Fv2%2Fcategories&post=17994"},{"taxonomy":"post_tag","embeddable":true,"href":"https:\/\/www.lodelmomentoloja.com\/index.php?rest_route=%2Fwp%2Fv2%2Ftags&post=17994"}],"curies":[{"name":"wp","href":"https:\/\/api.w.org\/{rel}","templated":true}]}}