{"id":17964,"date":"2023-09-21T10:00:58","date_gmt":"2023-09-21T10:00:58","guid":{"rendered":"https:\/\/www.lodelmomentoloja.com\/?p=17964"},"modified":"2023-09-21T16:14:28","modified_gmt":"2023-09-21T16:14:28","slug":"accion-contra-el-asambleista-electo-patricio-carrillo-por-su-destitucion-cuando-fue-ministro","status":"publish","type":"post","link":"https:\/\/www.lodelmomentoloja.com\/?p=17964","title":{"rendered":"Acci\u00f3n contra el asamble\u00edsta electo Patricio Carrillo por su destituci\u00f3n cuando fue Ministro."},"content":{"rendered":"<p>Patricio Carrillo, excomandante de la Polic\u00eda, en el gobierno de Len\u00edn Moreno, y el exministro del Interior, en la administraci\u00f3n de Guillermo Lasso, fue censurado en febrero de este 2023, con 105 votos, por la disuelta Asamblea Nacional, por las causales como el paro de junio de 2022, por el femicidio de Mar\u00eda Bel\u00e9n Bernal, y por incumplimiento de funciones como ministro del Interior en la gesti\u00f3n de seguridad.<\/p>\n<p>Ante lo mencionado, la asamble\u00edsta de la Revoluci\u00f3n Ciudadana Jhajaira Urresta present\u00f3\u00a0una acci\u00f3n de protecci\u00f3n con medidas cautelares por el impedimento que registra el asamble\u00edsta Patricio Carrillo para ejercer un cargo p\u00fablico, dicho pedido lo ingres\u00f3 el d\u00eda 20 de septiembre 2023 en el Complejo Judicial del Norte de Quito.<\/p>\n<p>La integrante de RC record\u00f3 que el pasado 24 de agosto Carrillo fue llevado a juicio pol\u00edtico y censurado por la asamblea, algo que posteriormente, hizo que el Ministerio del Trabajo notifique a Patricio Carrillo con la inhabilidad para ejercer cargo p\u00fablico, y enfatiz\u00f3: \u201cEsto es un acto de verg\u00fcenza. Esto es por cumplimiento de la ley. El que est\u00e1 vulnerando los derechos de los ecuatorianos es Patricio Carrillo\u201d.<\/p>\n<p>Tras lo hecho por parte de la asamble\u00edsta Urresta, la reacci\u00f3n del involucrado no se hizo esperar, en ese sentido, Carrillo, asamble\u00edsta electo por el Movimiento Construye hizo una rueda de prensa catalog\u00f3 de \u201cpersecuci\u00f3n pol\u00edtica\u201d lo que hacen desde el corre\u00edsmo, asegurando\u00a0que empez\u00f3 en el juicio pol\u00edtico, ya que uno de sus interpelantes, el exasamble\u00edsta Peter Calo, sintonizaba con los movimientos que protagonizaron los paros de octubre de 2019 y junio de 2022. Dijo que tambi\u00e9n es una represalia proveniente de actores pol\u00edticos involucrados con la miner\u00eda ilegal y el desfalco al Instituto de Seguridad Social de la Polic\u00eda Nacional (Isspol).<\/p>\n<p>En ese sentido, tambi\u00e9n manifest\u00f3 que est\u00e1n a la espera de que le entreguen los credenciales.<\/p>\n<p>&nbsp;<\/p>\n<p>Para el reconocido jurisconsulto Andr\u00e9 Benavides, explica mediante su cuenta de X que la inhabilidad de Carrillo no le puede dejar ejercer sus funciones como Asamble\u00edsta electo tras el reciente proceso electoral.<\/p>\n<blockquote class=\"twitter-tweet\" data-width=\"550\" data-dnt=\"true\">\n<p lang=\"es\" dir=\"ltr\">\ud83d\udcccPatricio Carrillo tiene inhabilidad para ejercer un cargo p\u00fablico; por lo tanto, no puede ejercer funciones de Asamble\u00edsta. <\/p>\n<p>\u2705El incumplimiento puede generar controles del Ministerio de Trabajo y Contralor\u00eda General del Estado. <\/p>\n<p>\u274c Una acci\u00f3n de protecci\u00f3n con medida\u2026 <a href=\"https:\/\/t.co\/o8TeUohXFO\">pic.twitter.com\/o8TeUohXFO<\/a><\/p>\n<p>&mdash; Andr\u00e9 Benavides (@AndreBenavidesM) <a href=\"https:\/\/twitter.com\/AndreBenavidesM\/status\/1704539093445607629?ref_src=twsrc%5Etfw\">September 20, 2023<\/a><\/p><\/blockquote>\n<p><script async src=\"https:\/\/platform.twitter.com\/widgets.js\" charset=\"utf-8\"><\/script><\/p>\n<h4>\u00bfQu\u00e9 dice la Ley Org\u00e1nica de la Funci\u00f3n Legislativa? Art. 85 en su p\u00e1gina 49.<\/h4>\n<p><img loading=\"lazy\" decoding=\"async\" class=\"alignnone wp-image-17965 size-large\" src=\"http:\/\/www.lodelmomentoloja.com\/wp-content\/uploads\/2023\/09\/fdesw-1024x661.jpg\" alt=\"\" width=\"640\" height=\"413\" srcset=\"https:\/\/www.lodelmomentoloja.com\/wp-content\/uploads\/2023\/09\/fdesw-1024x661.jpg 1024w, https:\/\/www.lodelmomentoloja.com\/wp-content\/uploads\/2023\/09\/fdesw-300x194.jpg 300w, https:\/\/www.lodelmomentoloja.com\/wp-content\/uploads\/2023\/09\/fdesw-768x496.jpg 768w, https:\/\/www.lodelmomentoloja.com\/wp-content\/uploads\/2023\/09\/fdesw-640x413.jpg 640w, https:\/\/www.lodelmomentoloja.com\/wp-content\/uploads\/2023\/09\/fdesw.jpg 1080w\" sizes=\"(max-width: 640px) 100vw, 640px\" \/><\/p>\n<p>El movimiento Construye, mediante un bolet\u00edn de prensa, manifest\u00f3 que como agrupaci\u00f3n pol\u00edtica har\u00e1n respetar la voluntad de millones de ecuatorianos con respecto al caso Patricio Carrillo.<\/p>\n<blockquote class=\"twitter-tweet\" data-width=\"550\" data-dnt=\"true\">\n<p lang=\"es\" dir=\"ltr\">Haremos respetar la voluntad de millones de Ecuatorianos.<\/p>\n<p>No permitiremos que los intereses delictivos del corre\u00edsmo, ensucien la decisi\u00f3n de un pueblo valiente.<a href=\"https:\/\/twitter.com\/hashtag\/Construye25?src=hash&amp;ref_src=twsrc%5Etfw\">#Construye25<\/a> <a href=\"https:\/\/twitter.com\/hashtag\/PatricioCarrillo?src=hash&amp;ref_src=twsrc%5Etfw\">#PatricioCarrillo<\/a> <a href=\"https:\/\/t.co\/wOR5jcaJGq\">pic.twitter.com\/wOR5jcaJGq<\/a><\/p>\n<p>&mdash; Construye_Ecu (@Construye_Ecu) <a href=\"https:\/\/twitter.com\/Construye_Ecu\/status\/1704554911009034245?ref_src=twsrc%5Etfw\">September 20, 2023<\/a><\/p><\/blockquote>\n<p><script async src=\"https:\/\/platform.twitter.com\/widgets.js\" charset=\"utf-8\"><\/script><\/p>\n<p><em>S\u00edguenos #LDMnoticias \u00f3 #lodelmomentolojaLDM<\/em><\/p>\n","protected":false},"excerpt":{"rendered":"<p>Patricio Carrillo, excomandante de la Polic\u00eda, en el gobierno de Len\u00edn Moreno, y el exministro&#8230;<\/p>\n","protected":false},"author":1,"featured_media":17966,"comment_status":"open","ping_status":"open","sticky":false,"template":"","format":"standard","meta":{"footnotes":""},"categories":[7,5],"tags":[],"class_list":["post-17964","post","type-post","status-publish","format-standard","has-post-thumbnail","hentry","category-ecuador","category-loja"],"_links":{"self":[{"href":"https:\/\/www.lodelmomentoloja.com\/index.php?rest_route=\/wp\/v2\/posts\/17964"}],"collection":[{"href":"https:\/\/www.lodelmomentoloja.com\/index.php?rest_route=\/wp\/v2\/posts"}],"about":[{"href":"https:\/\/www.lodelmomentoloja.com\/index.php?rest_route=\/wp\/v2\/types\/post"}],"author":[{"embeddable":true,"href":"https:\/\/www.lodelmomentoloja.com\/index.php?rest_route=\/wp\/v2\/users\/1"}],"replies":[{"embeddable":true,"href":"https:\/\/www.lodelmomentoloja.com\/index.php?rest_route=%2Fwp%2Fv2%2Fcomments&post=17964"}],"version-history":[{"count":1,"href":"https:\/\/www.lodelmomentoloja.com\/index.php?rest_route=\/wp\/v2\/posts\/17964\/revisions"}],"predecessor-version":[{"id":17967,"href":"https:\/\/www.lodelmomentoloja.com\/index.php?rest_route=\/wp\/v2\/posts\/17964\/revisions\/17967"}],"wp:featuredmedia":[{"embeddable":true,"href":"https:\/\/www.lodelmomentoloja.com\/index.php?rest_route=\/wp\/v2\/media\/17966"}],"wp:attachment":[{"href":"https:\/\/www.lodelmomentoloja.com\/index.php?rest_route=%2Fwp%2Fv2%2Fmedia&parent=17964"}],"wp:term":[{"taxonomy":"category","embeddable":true,"href":"https:\/\/www.lodelmomentoloja.com\/index.php?rest_route=%2Fwp%2Fv2%2Fcategories&post=17964"},{"taxonomy":"post_tag","embeddable":true,"href":"https:\/\/www.lodelmomentoloja.com\/index.php?rest_route=%2Fwp%2Fv2%2Ftags&post=17964"}],"curies":[{"name":"wp","href":"https:\/\/api.w.org\/{rel}","templated":true}]}}