{"id":17923,"date":"2023-09-19T16:04:19","date_gmt":"2023-09-19T16:04:19","guid":{"rendered":"https:\/\/www.lodelmomentoloja.com\/?p=17923"},"modified":"2023-09-19T21:06:07","modified_gmt":"2023-09-19T21:06:07","slug":"loja-se-prepara-para-celebrar-los-429-anos-de-la-aparicion-de-la-churonita","status":"publish","type":"post","link":"https:\/\/www.lodelmomentoloja.com\/?p=17923","title":{"rendered":"Loja se prepara para celebrar los 429 a\u00f1os de la aparici\u00f3n de la Churonita"},"content":{"rendered":"<p>\ud83d\ude31\ud83d\ude4f\ud83c\udffb\ud83d\udd4a\ufe0f \u00a1Fiesta en su honor! Este 2023 ser\u00e1 el tercer a\u00f1o que van a realizar, con alegr\u00eda y entusiasmo, la acci\u00f3n de gracias por su presencia de esperanza y bendici\u00f3n de los lojanos y, en definitiva, de todos sus devotos. Con actividades festivas en honor a &#8216;La Churonita&#8217; que se llevar\u00e1n a cabo el pr\u00f3ximo 11 y 12 de Octubre.<\/p>\n<p>\u201cLas actividades en su honor empezar\u00e1n el mi\u00e9rcoles 11 de octubre a las 18h00 con la eucarist\u00eda de v\u00edsperas; 19h00, hora de alabanza a Jes\u00fas Sacramentado; y, a partir de las 20h00, juegos de luces y danzas\u201d,<\/p>\n<p>Agreg\u00f3 que, para el jueves 12 de octubre, d\u00eda de fiesta, a las 18h00, misa campal, luego el rosario de antorchas y procesi\u00f3n por la calle Bernardo Valdivieso &#8211; Col\u00f3n &#8211; Emiliano Ortega-24 de Mayo-Jos\u00e9 Antonio Eguiguren y Catedral; posterior, \u201cquema\u201d de un castillo.<\/p>\n<p>Las festividades culminar\u00e1n con la obra de teatro sobre la aparici\u00f3n de la Virgen de El Cisne, \u201cestamos definiendo detalles para que la interpretaci\u00f3n sea apreciada por todos porque mostrar\u00e1 el milagro m\u00e1s grande ocurrido en Loja, \u2018La Churonita\u2019\u201d.<\/p>\n<p>\ud83d\udd34\ud835\udc0f\ud835\udc2b\ud835\udc28\ud835\udc20\ud835\udc2b\ud835\udc1a\ud835\udc26\ud835\udc1a:<\/p>\n<p>\ud83d\udccc 11 DE OCTUBRE<br \/>\n&#8211; 18h00 Misa de V\u00edsperas<br \/>\n&#8211; 19h00 Noche Mariana Eucar\u00edstica<br \/>\n&#8211; 20h00 Noche Cultural<\/p>\n<p>\ud83d\udccc 12 DE OCTUBRE<\/p>\n<p>&#8211; 18h00 Misa Campal de fiesta &#8211; Templo Catedral<br \/>\n&#8211; 19h00 Procesi\u00f3n Lucernario Mariano &#8211; Rosario de Antorchas<br \/>\n&#8211; 20h00 Obra de la aparici\u00f3n de la Virgen de El Cisne<br \/>\n&#8211; 21h00 Quema de un Castillo<\/p>\n<p>www.lodelmomentoloja.co.<\/p>\n<p>#LDMnoticias #lodelmomentolojaLDM<\/p>\n","protected":false},"excerpt":{"rendered":"<p>\ud83d\ude31\ud83d\ude4f\ud83c\udffb\ud83d\udd4a\ufe0f \u00a1Fiesta en su honor! Este 2023 ser\u00e1 el tercer a\u00f1o que van a realizar,&#8230;<\/p>\n","protected":false},"author":1,"featured_media":17924,"comment_status":"open","ping_status":"open","sticky":false,"template":"","format":"standard","meta":{"footnotes":""},"categories":[7,1,5],"tags":[],"class_list":["post-17923","post","type-post","status-publish","format-standard","has-post-thumbnail","hentry","category-ecuador","category-inicio","category-loja"],"_links":{"self":[{"href":"https:\/\/www.lodelmomentoloja.com\/index.php?rest_route=\/wp\/v2\/posts\/17923"}],"collection":[{"href":"https:\/\/www.lodelmomentoloja.com\/index.php?rest_route=\/wp\/v2\/posts"}],"about":[{"href":"https:\/\/www.lodelmomentoloja.com\/index.php?rest_route=\/wp\/v2\/types\/post"}],"author":[{"embeddable":true,"href":"https:\/\/www.lodelmomentoloja.com\/index.php?rest_route=\/wp\/v2\/users\/1"}],"replies":[{"embeddable":true,"href":"https:\/\/www.lodelmomentoloja.com\/index.php?rest_route=%2Fwp%2Fv2%2Fcomments&post=17923"}],"version-history":[{"count":1,"href":"https:\/\/www.lodelmomentoloja.com\/index.php?rest_route=\/wp\/v2\/posts\/17923\/revisions"}],"predecessor-version":[{"id":17925,"href":"https:\/\/www.lodelmomentoloja.com\/index.php?rest_route=\/wp\/v2\/posts\/17923\/revisions\/17925"}],"wp:featuredmedia":[{"embeddable":true,"href":"https:\/\/www.lodelmomentoloja.com\/index.php?rest_route=\/wp\/v2\/media\/17924"}],"wp:attachment":[{"href":"https:\/\/www.lodelmomentoloja.com\/index.php?rest_route=%2Fwp%2Fv2%2Fmedia&parent=17923"}],"wp:term":[{"taxonomy":"category","embeddable":true,"href":"https:\/\/www.lodelmomentoloja.com\/index.php?rest_route=%2Fwp%2Fv2%2Fcategories&post=17923"},{"taxonomy":"post_tag","embeddable":true,"href":"https:\/\/www.lodelmomentoloja.com\/index.php?rest_route=%2Fwp%2Fv2%2Ftags&post=17923"}],"curies":[{"name":"wp","href":"https:\/\/api.w.org\/{rel}","templated":true}]}}