{"id":17893,"date":"2023-09-18T13:18:18","date_gmt":"2023-09-18T13:18:18","guid":{"rendered":"https:\/\/www.lodelmomentoloja.com\/?p=17893"},"modified":"2023-09-18T21:18:43","modified_gmt":"2023-09-18T21:18:43","slug":"candidatos-a-vicepresidencia-en-el-ojo-del-huracan","status":"publish","type":"post","link":"https:\/\/www.lodelmomentoloja.com\/?p=17893","title":{"rendered":"Candidatos a Vicepresidencia en el ojo del hurac\u00e1n"},"content":{"rendered":"<p>\ud83e\udd21\ud83e\uddd0\ud83d\udde3\ufe0f \u00a1No dan una! Nuevamente Ver\u00f3nica Abad y Andr\u00e9s Arauz est\u00e1n en el ojo del hurac\u00e1n, pues declaraciones en los diversos medios de comunicaci\u00f3n no dejan de causar controversia ante la opini\u00f3n p\u00fablica.<\/p>\n<p>Conoce m\u00e1s:<\/p>\n<p><iframe loading=\"lazy\" title=\"Los candidatos a la Vicepresidencia se involucran en un nuevo esc\u00e1ndalo | LO DEL MOMENTO LOJA\" width=\"640\" height=\"360\" src=\"https:\/\/www.youtube.com\/embed\/eVZr3Cwh_aE?feature=oembed\" frameborder=\"0\" allow=\"accelerometer; autoplay; clipboard-write; encrypted-media; gyroscope; picture-in-picture; web-share\" referrerpolicy=\"strict-origin-when-cross-origin\" allowfullscreen><\/iframe><\/p>\n<p>www.lodelmomentoloja.com<br \/>\n#LDMnoticias #lodelmomentolojaLDM<\/p>\n","protected":false},"excerpt":{"rendered":"<p>\ud83e\udd21\ud83e\uddd0\ud83d\udde3\ufe0f \u00a1No dan una! Nuevamente Ver\u00f3nica Abad y Andr\u00e9s Arauz est\u00e1n en el ojo del&#8230;<\/p>\n","protected":false},"author":1,"featured_media":17901,"comment_status":"open","ping_status":"open","sticky":false,"template":"","format":"standard","meta":{"footnotes":""},"categories":[7,1],"tags":[],"class_list":["post-17893","post","type-post","status-publish","format-standard","has-post-thumbnail","hentry","category-ecuador","category-inicio"],"_links":{"self":[{"href":"https:\/\/www.lodelmomentoloja.com\/index.php?rest_route=\/wp\/v2\/posts\/17893"}],"collection":[{"href":"https:\/\/www.lodelmomentoloja.com\/index.php?rest_route=\/wp\/v2\/posts"}],"about":[{"href":"https:\/\/www.lodelmomentoloja.com\/index.php?rest_route=\/wp\/v2\/types\/post"}],"author":[{"embeddable":true,"href":"https:\/\/www.lodelmomentoloja.com\/index.php?rest_route=\/wp\/v2\/users\/1"}],"replies":[{"embeddable":true,"href":"https:\/\/www.lodelmomentoloja.com\/index.php?rest_route=%2Fwp%2Fv2%2Fcomments&post=17893"}],"version-history":[{"count":1,"href":"https:\/\/www.lodelmomentoloja.com\/index.php?rest_route=\/wp\/v2\/posts\/17893\/revisions"}],"predecessor-version":[{"id":17902,"href":"https:\/\/www.lodelmomentoloja.com\/index.php?rest_route=\/wp\/v2\/posts\/17893\/revisions\/17902"}],"wp:featuredmedia":[{"embeddable":true,"href":"https:\/\/www.lodelmomentoloja.com\/index.php?rest_route=\/wp\/v2\/media\/17901"}],"wp:attachment":[{"href":"https:\/\/www.lodelmomentoloja.com\/index.php?rest_route=%2Fwp%2Fv2%2Fmedia&parent=17893"}],"wp:term":[{"taxonomy":"category","embeddable":true,"href":"https:\/\/www.lodelmomentoloja.com\/index.php?rest_route=%2Fwp%2Fv2%2Fcategories&post=17893"},{"taxonomy":"post_tag","embeddable":true,"href":"https:\/\/www.lodelmomentoloja.com\/index.php?rest_route=%2Fwp%2Fv2%2Ftags&post=17893"}],"curies":[{"name":"wp","href":"https:\/\/api.w.org\/{rel}","templated":true}]}}