{"id":17837,"date":"2023-09-13T14:47:36","date_gmt":"2023-09-13T14:47:36","guid":{"rendered":"https:\/\/www.lodelmomentoloja.com\/?p=17837"},"modified":"2023-09-13T19:48:57","modified_gmt":"2023-09-13T19:48:57","slug":"productores-musicales-piden-la-renuncia-de-diego-lara","status":"publish","type":"post","link":"https:\/\/www.lodelmomentoloja.com\/?p=17837","title":{"rendered":"Productores musicales piden la renuncia de Diego Lara"},"content":{"rendered":"<p>\ud83d\ude24\ud83e\uddd0\ud83d\udc49 \u00a1Que se vaya! Productores musicales y culturales piden p\u00fablicamente la renuncia del presidente de la Corporaci\u00f3n de Ferias, Diego Lara quien lleva cerca de 9 a\u00f1os en esta entidad, todo esto con el apoyo de las autoridades.<\/p>\n<p>Conoce m\u00e1s:<\/p>\n<p><iframe loading=\"lazy\" title=\"Productores musicales y culturales muestran su descontento con la Feria de Loja| LO DEL MOMENTO LOJA\" width=\"640\" height=\"360\" src=\"https:\/\/www.youtube.com\/embed\/DfXUHJOQZwU?feature=oembed\" frameborder=\"0\" allow=\"accelerometer; autoplay; clipboard-write; encrypted-media; gyroscope; picture-in-picture; web-share\" referrerpolicy=\"strict-origin-when-cross-origin\" allowfullscreen><\/iframe><\/p>\n<p>www.lodelmomentoloja.com<br \/>\n#LDMnoticias #lodelmomentolojaLDM<\/p>\n","protected":false},"excerpt":{"rendered":"<p>\ud83d\ude24\ud83e\uddd0\ud83d\udc49 \u00a1Que se vaya! Productores musicales y culturales piden p\u00fablicamente la renuncia del presidente de&#8230;<\/p>\n","protected":false},"author":1,"featured_media":17839,"comment_status":"open","ping_status":"open","sticky":false,"template":"","format":"standard","meta":{"footnotes":""},"categories":[7,1,5],"tags":[],"class_list":["post-17837","post","type-post","status-publish","format-standard","has-post-thumbnail","hentry","category-ecuador","category-inicio","category-loja"],"_links":{"self":[{"href":"https:\/\/www.lodelmomentoloja.com\/index.php?rest_route=\/wp\/v2\/posts\/17837"}],"collection":[{"href":"https:\/\/www.lodelmomentoloja.com\/index.php?rest_route=\/wp\/v2\/posts"}],"about":[{"href":"https:\/\/www.lodelmomentoloja.com\/index.php?rest_route=\/wp\/v2\/types\/post"}],"author":[{"embeddable":true,"href":"https:\/\/www.lodelmomentoloja.com\/index.php?rest_route=\/wp\/v2\/users\/1"}],"replies":[{"embeddable":true,"href":"https:\/\/www.lodelmomentoloja.com\/index.php?rest_route=%2Fwp%2Fv2%2Fcomments&post=17837"}],"version-history":[{"count":1,"href":"https:\/\/www.lodelmomentoloja.com\/index.php?rest_route=\/wp\/v2\/posts\/17837\/revisions"}],"predecessor-version":[{"id":17840,"href":"https:\/\/www.lodelmomentoloja.com\/index.php?rest_route=\/wp\/v2\/posts\/17837\/revisions\/17840"}],"wp:featuredmedia":[{"embeddable":true,"href":"https:\/\/www.lodelmomentoloja.com\/index.php?rest_route=\/wp\/v2\/media\/17839"}],"wp:attachment":[{"href":"https:\/\/www.lodelmomentoloja.com\/index.php?rest_route=%2Fwp%2Fv2%2Fmedia&parent=17837"}],"wp:term":[{"taxonomy":"category","embeddable":true,"href":"https:\/\/www.lodelmomentoloja.com\/index.php?rest_route=%2Fwp%2Fv2%2Fcategories&post=17837"},{"taxonomy":"post_tag","embeddable":true,"href":"https:\/\/www.lodelmomentoloja.com\/index.php?rest_route=%2Fwp%2Fv2%2Ftags&post=17837"}],"curies":[{"name":"wp","href":"https:\/\/api.w.org\/{rel}","templated":true}]}}