{"id":17834,"date":"2023-09-13T13:07:41","date_gmt":"2023-09-13T13:07:41","guid":{"rendered":"https:\/\/www.lodelmomentoloja.com\/?p=17834"},"modified":"2023-09-13T18:13:06","modified_gmt":"2023-09-13T18:13:06","slug":"ecuador-espera-lluvias-extremas-en-el-fenomeno-del-nino","status":"publish","type":"post","link":"https:\/\/www.lodelmomentoloja.com\/?p=17834","title":{"rendered":"Ecuador espera lluvias extremas en el Fen\u00f3meno del Ni\u00f1o"},"content":{"rendered":"<p>La informaci\u00f3n es fundamental para el manejo de fen\u00f3menos como el de El Ni\u00f1o.<\/p>\n<p>La llegada del fen\u00f3meno de El Ni\u00f1o se manifiesta con notoria preocupaci\u00f3n en Ecuador, principalmente en las provincias costeras, en las cuales ya se ha evidenciado precipitaciones de impacto y se mantiene la alerta frente al comportamiento de este evento natural en los siguientes meses.<\/p>\n<p>Enfrentar este tipo de escenarios implica contar con un contingente de acciones e informaci\u00f3n s\u00f3lido, de manera que se logre responder efectivamente a una emergencia.<\/p>\n<p>En este sentido, desde la Universidad T\u00e9cnica Particular de Loja (UTPL), el docente investigador del departamento de Ingenier\u00eda Civil, Andreas Fries brinda su aporte a trav\u00e9s de este espacio de divulgaci\u00f3n cient\u00edfica y social.<\/p>\n<p>Existe preocupaci\u00f3n al escuchar hablar sobre el fen\u00f3meno de El Ni\u00f1o. Pero, \u00bfa qu\u00e9 nos enfrentamos realmente?<\/p>\n<p>Es importante tener una concepci\u00f3n inicial de lo que concierne a este fen\u00f3meno, que b\u00e1sicamente es el calentamiento de la superficie del Oc\u00e9ano Pac\u00edfico Central, lo que genera una reacci\u00f3n entre la atm\u00f3sfera y el oc\u00e9ano. Este calentamiento hace que el agua se evapore con m\u00e1s facilidad, lo cual genera lluvias o precipitaciones intensas y, por tanto, mientras exista mayor temperatura, hay mayor evaporaci\u00f3n y mayor cantidad de lluvias. Sin embargo, es necesario se\u00f1alar que el fen\u00f3meno de El Ni\u00f1o no solo causa lluvias intensas, sino que tambi\u00e9n cambia la distribuci\u00f3n de las precipitaciones en una gran parte del planeta, por lo que en pa\u00edses como Australia este fen\u00f3meno se presenta con sequ\u00edas severas e incendios forestales, mientras que, en Ecuador, con lluvias extremas.<\/p>\n<p>\u00bfCon qu\u00e9 frecuencia se presenta este tipo de fen\u00f3menos en el mundo?<\/p>\n<p>La ocurrencia del fen\u00f3meno de El Ni\u00f1o tiene una periodicidad entre los dos y siete a\u00f1os, y es definido como una anomal\u00eda de la temperatura de la superficie del Oc\u00e9ano Pac\u00edfico Central, alcanzando temperaturas 0.5\u00b0C m\u00e1s altas que lo normal. Estas condiciones pueden causar estragos de diferentes niveles en varias regiones: por ejemplo, en Ecuador y en el norte de Per\u00fa las afectaciones est\u00e1n dadas por las lluvias extremas, causando inundaciones, desprendimientos de tierra y la destrucci\u00f3n de infraestructuras y bienes.<\/p>\n<p>En Sud\u00e1frica, Indonesia y Australia se sufre sequ\u00edas, mientras que en Estados Unidos el clima es m\u00e1s h\u00famedo y fr\u00edo, solo por mencionar algunos contextos.<\/p>\n<p>Tambi\u00e9n hay que tener en cuenta que la duraci\u00f3n en tiempo del fen\u00f3meno El Ni\u00f1o se proyecta alrededor de tres a cuatro meses, con su intensidad m\u00e1xima entre noviembre y enero. Despu\u00e9s, la intensidad comienza a decaer y la temperatura en la superficie del Oc\u00e9ano Pac\u00edfico Central se normaliza. Sin embargo, existen registros hist\u00f3ricos que evidencian que el fen\u00f3meno de El Ni\u00f1o lleg\u00f3 a durar hasta 18 meses; es decir, las temperaturas de la superficie del Oc\u00e9ano Pac\u00edfico no se normalizaron durante un a\u00f1o y medio.<\/p>\n<p>Con este tipo de comportamiento de este fen\u00f3meno y su duraci\u00f3n, \u00bfqu\u00e9 zonas se ven mayormente afectadas?<\/p>\n<p>El fen\u00f3meno de El Ni\u00f1o en Ecuador afecta principalmente a las zonas costeras y las estribaciones de la cordillera occidental de los Andes debido a las fuertes lluvias, las cuales provocan inundaciones de gran magnitud y derrumbes en las regiones monta\u00f1osas. Las lluvias extremas destruyen cultivos y la infraestructura, obstaculizando la movilidad y generando p\u00e9rdidas materiales y econ\u00f3micas. Las afectaciones tambi\u00e9n recaen sobre el sector ganadero, que debe enfrentar la p\u00e9rdida de animales, y el sector de la pesca que sufre una reducci\u00f3n notable en las capturas debido a las altas temperaturas del mar.<\/p>\n<p>Las lluvias fuertes han sido ya visibles en provincias como Esmeraldas, donde se evidencian afectaciones directas a la poblaci\u00f3n. \u00bfPodr\u00edamos se\u00f1alar que estas condiciones son el inicio del fen\u00f3meno de El Ni\u00f1o?<\/p>\n<p>Lo que sucedi\u00f3 en Esmeraldas no est\u00e1 ligado directamente con el fen\u00f3meno de El Ni\u00f1o, pero s\u00ed con anomal\u00edas de temperatura en la superficie del Oc\u00e9ano Pac\u00edfico frente a la costa ecuatoriana, que mostr\u00f3 temperaturas de dos a tres grados m\u00e1s altas que lo normal en mayo. En general, la presencia de lluvias intensas en la costa ecuatoriana se relaciona directamente con la temperatura del agua frente a esta, generando mayor evaporaci\u00f3n y, consecuentemente, precipitaciones fuertes.<\/p>\n<p>\u00bfExiste relaci\u00f3n entre el fen\u00f3meno de El Ni\u00f1o y el cambio clim\u00e1tico a nivel global?<\/p>\n<p>Directamente no, el fen\u00f3meno de El Ni\u00f1o es natural, aunque en cierta medida influye el cambio clim\u00e1tico debido al calentamiento global. En todo el planeta han aumentado las temperaturas, incluyendo las de la superficie de los oc\u00e9anos. Hoy en d\u00eda el Oc\u00e9ano Pac\u00edfico est\u00e1 medio grado m\u00e1s caliente que hace 50 a\u00f1os, por lo tanto, los fen\u00f3menos de El Ni\u00f1o se hacen m\u00e1s intensos. Para determinar este fen\u00f3meno, se compara la temperatura promedio del oc\u00e9ano de los \u00faltimos 30 a\u00f1os (1991 \u2013 2020 = temperatura normal) con la temperatura actual y se calcula la diferencia (anomal\u00eda). Entonces, la temperatura de los oc\u00e9anos est\u00e1 aumentando en todo el planeta, llevando a la generaci\u00f3n m\u00e1s frecuente de lluvias fuertes o extremas.<\/p>\n<p>Con las variaciones mencionadas y la cercana presencia del fen\u00f3meno de El Ni\u00f1o, \u00bfcu\u00e1l es el papel de los organismos encargados de monitoreo y prevenci\u00f3n?<\/p>\n<p>En Ecuador las estaciones meteorol\u00f3gicas existentes son escasas y muchas no funcionan, por lo que se recurre a usar im\u00e1genes satelitales para los pron\u00f3sticos, las cuales tienen ciertas limitaciones, especialmente en zonas monta\u00f1osas y cuando el cielo est\u00e1 nublado. Debido a esto, se requiere el fortalecimiento del Instituto Nacional de Meteorolog\u00eda e Hidrolog\u00eda (Inahmi), no solo en la expansi\u00f3n, operaci\u00f3n y mantenimiento de la red de las estaciones meteorol\u00f3gicas, sino tambi\u00e9n en cuanto a mejorar las t\u00e9cnicas de an\u00e1lisis de datos meteorol\u00f3gicos, incluyendo informaci\u00f3n del oc\u00e9ano y otros factores importantes que influyen el clima, para llegar a pron\u00f3sticos m\u00e1s precisos.<\/p>\n<p>Hoy en d\u00eda sabemos que es muy probable (96%) que el fen\u00f3meno de El Ni\u00f1o se va a dar este a\u00f1o, pero todav\u00eda no se conoce la magnitud, por lo que el monitoreo constante de las condiciones mar\u00edtimas y atmosf\u00e9ricas durante los pr\u00f3ximos meses es de suma importancia, as\u00ed como realizar acciones de prevenci\u00f3n y mitigaci\u00f3n respecto a las consecuencias previstas.<\/p>\n<p>Via: UTPL<\/p>\n<p>www.lodelmomentoloja.com<\/p>\n<p>#LDMnoticias #lodelmomentolojaLDM<\/p>\n<p>&nbsp;<\/p>\n","protected":false},"excerpt":{"rendered":"<p>La informaci\u00f3n es fundamental para el manejo de fen\u00f3menos como el de El Ni\u00f1o. La&#8230;<\/p>\n","protected":false},"author":1,"featured_media":17835,"comment_status":"open","ping_status":"open","sticky":false,"template":"","format":"standard","meta":{"footnotes":""},"categories":[7,1,4,5],"tags":[],"class_list":["post-17834","post","type-post","status-publish","format-standard","has-post-thumbnail","hentry","category-ecuador","category-inicio","category-internacional","category-loja"],"_links":{"self":[{"href":"https:\/\/www.lodelmomentoloja.com\/index.php?rest_route=\/wp\/v2\/posts\/17834"}],"collection":[{"href":"https:\/\/www.lodelmomentoloja.com\/index.php?rest_route=\/wp\/v2\/posts"}],"about":[{"href":"https:\/\/www.lodelmomentoloja.com\/index.php?rest_route=\/wp\/v2\/types\/post"}],"author":[{"embeddable":true,"href":"https:\/\/www.lodelmomentoloja.com\/index.php?rest_route=\/wp\/v2\/users\/1"}],"replies":[{"embeddable":true,"href":"https:\/\/www.lodelmomentoloja.com\/index.php?rest_route=%2Fwp%2Fv2%2Fcomments&post=17834"}],"version-history":[{"count":1,"href":"https:\/\/www.lodelmomentoloja.com\/index.php?rest_route=\/wp\/v2\/posts\/17834\/revisions"}],"predecessor-version":[{"id":17836,"href":"https:\/\/www.lodelmomentoloja.com\/index.php?rest_route=\/wp\/v2\/posts\/17834\/revisions\/17836"}],"wp:featuredmedia":[{"embeddable":true,"href":"https:\/\/www.lodelmomentoloja.com\/index.php?rest_route=\/wp\/v2\/media\/17835"}],"wp:attachment":[{"href":"https:\/\/www.lodelmomentoloja.com\/index.php?rest_route=%2Fwp%2Fv2%2Fmedia&parent=17834"}],"wp:term":[{"taxonomy":"category","embeddable":true,"href":"https:\/\/www.lodelmomentoloja.com\/index.php?rest_route=%2Fwp%2Fv2%2Fcategories&post=17834"},{"taxonomy":"post_tag","embeddable":true,"href":"https:\/\/www.lodelmomentoloja.com\/index.php?rest_route=%2Fwp%2Fv2%2Ftags&post=17834"}],"curies":[{"name":"wp","href":"https:\/\/api.w.org\/{rel}","templated":true}]}}