{"id":1779,"date":"2021-01-11T12:40:27","date_gmt":"2021-01-11T12:40:27","guid":{"rendered":"http:\/\/www.lodelmomentoloja.com\/?p=1779"},"modified":"2021-01-11T17:50:51","modified_gmt":"2021-01-11T17:50:51","slug":"se-confirma-nueva-cepa-de-covid-19-en-ecuador","status":"publish","type":"post","link":"https:\/\/www.lodelmomentoloja.com\/?p=1779","title":{"rendered":"Se confirma nueva cepa de COVID-19 en Ecuador."},"content":{"rendered":"<div class=\"kvgmc6g5 cxmmr5t8 oygrvhab hcukyx3x c1et5uql ii04i59q\">\n<div dir=\"auto\"><a class=\"oajrlxb2 g5ia77u1 qu0x051f esr5mh6w e9989ue4 r7d6kgcz rq0escxv nhd2j8a9 nc684nl6 p7hjln8o kvgmc6g5 cxmmr5t8 oygrvhab hcukyx3x jb3vyjys rz4wbd8a qt6c0cv9 a8nywdso i1ao9s8h esuyzwwr f1sip0of lzcic4wl q66pz984 gpro0wi8 b1v8xokw\" tabindex=\"0\" role=\"link\" href=\"https:\/\/www.facebook.com\/hashtag\/ecuador?__eep__=6&amp;__cft__[0]=AZXl-pzc71_CNJLBopSQ5icc3x-gG9JTBL1X96bfefEgx0uwK5B8cX-vS2a08kuIddWMjRDyMaNdjJuTydYdqdWF1DgE4C5tqmhUqHuUnJV2m_puGPmukLonYvFUGJhmfthMMafyq6alYyl64ffTvJscNvoQSEvkuMQMzkZNW-5ssQRQYUf-c4aXF1-f_iYDCqc&amp;__tn__=*NK-R\">#Ecuador<\/a> | Nueva Cepa de COVID-19 ya se encuentra en Ecuador.<\/div>\n<div dir=\"auto\"><\/div>\n<\/div>\n<div class=\"o9v6fnle cxmmr5t8 oygrvhab hcukyx3x c1et5uql ii04i59q\">\n<div dir=\"auto\">La secretaria de Comunicaci\u00f3n de la Presidencia, Mar\u00eda Caridad Vela, inform\u00f3 en una declaraci\u00f3n oficial que el paciente sospechoso que se encontraba siendo vigilado por autoridades de salud en Ecuador dio positivo a la variante de covid-19 originada en Reino Unido.<\/div>\n<div dir=\"auto\"><\/div>\n<\/div>\n<div class=\"o9v6fnle cxmmr5t8 oygrvhab hcukyx3x c1et5uql ii04i59q\">\n<div dir=\"auto\">El paciente se encuentra en Los R\u00edos. Arrib\u00f3 al pa\u00eds el pasado 12 de diciembre de 2020, seg\u00fan el Gobierno, con una prueba PCR negativa. Ven\u00eda de Londres (Reino Unido) e hizo trasbordo en Madrid (Espa\u00f1a).<\/div>\n<div dir=\"auto\"><\/div>\n<\/div>\n<div class=\"o9v6fnle cxmmr5t8 oygrvhab hcukyx3x c1et5uql ii04i59q\">\n<div dir=\"auto\">El ministro de Salud, Juan Carlos Zevallos, detall\u00f3 que 14 personas quienes estuvieron en contacto con el hombre que lleg\u00f3 de Reino Unido- est\u00e1n en cerco epidemiol\u00f3gico y en observaci\u00f3n.<\/div>\n<\/div>\n","protected":false},"excerpt":{"rendered":"<p>#Ecuador | Nueva Cepa de COVID-19 ya se encuentra en Ecuador. La secretaria de Comunicaci\u00f3n&#8230;<\/p>\n","protected":false},"author":1,"featured_media":1790,"comment_status":"open","ping_status":"open","sticky":false,"template":"","format":"standard","meta":{"footnotes":""},"categories":[1],"tags":[],"class_list":["post-1779","post","type-post","status-publish","format-standard","has-post-thumbnail","hentry","category-inicio"],"_links":{"self":[{"href":"https:\/\/www.lodelmomentoloja.com\/index.php?rest_route=\/wp\/v2\/posts\/1779"}],"collection":[{"href":"https:\/\/www.lodelmomentoloja.com\/index.php?rest_route=\/wp\/v2\/posts"}],"about":[{"href":"https:\/\/www.lodelmomentoloja.com\/index.php?rest_route=\/wp\/v2\/types\/post"}],"author":[{"embeddable":true,"href":"https:\/\/www.lodelmomentoloja.com\/index.php?rest_route=\/wp\/v2\/users\/1"}],"replies":[{"embeddable":true,"href":"https:\/\/www.lodelmomentoloja.com\/index.php?rest_route=%2Fwp%2Fv2%2Fcomments&post=1779"}],"version-history":[{"count":1,"href":"https:\/\/www.lodelmomentoloja.com\/index.php?rest_route=\/wp\/v2\/posts\/1779\/revisions"}],"predecessor-version":[{"id":1791,"href":"https:\/\/www.lodelmomentoloja.com\/index.php?rest_route=\/wp\/v2\/posts\/1779\/revisions\/1791"}],"wp:featuredmedia":[{"embeddable":true,"href":"https:\/\/www.lodelmomentoloja.com\/index.php?rest_route=\/wp\/v2\/media\/1790"}],"wp:attachment":[{"href":"https:\/\/www.lodelmomentoloja.com\/index.php?rest_route=%2Fwp%2Fv2%2Fmedia&parent=1779"}],"wp:term":[{"taxonomy":"category","embeddable":true,"href":"https:\/\/www.lodelmomentoloja.com\/index.php?rest_route=%2Fwp%2Fv2%2Fcategories&post=1779"},{"taxonomy":"post_tag","embeddable":true,"href":"https:\/\/www.lodelmomentoloja.com\/index.php?rest_route=%2Fwp%2Fv2%2Ftags&post=1779"}],"curies":[{"name":"wp","href":"https:\/\/api.w.org\/{rel}","templated":true}]}}