{"id":17733,"date":"2023-09-06T18:01:25","date_gmt":"2023-09-06T18:01:25","guid":{"rendered":"https:\/\/www.lodelmomentoloja.com\/?p=17733"},"modified":"2023-09-06T23:03:25","modified_gmt":"2023-09-06T23:03:25","slug":"doble-discurso-de-alembert-vera-ante-posible-destitucion","status":"publish","type":"post","link":"https:\/\/www.lodelmomentoloja.com\/?p=17733","title":{"rendered":"Doble discurso de Alembert Vera ante posible destituci\u00f3n"},"content":{"rendered":"<p>\ud83d\ude16\ud83d\udde3\ufe0f\ud83d\udc40 \u00a1Solo no me boten! Alembert Vera presidente del Consejo de Participaci\u00f3n Ciudadana y Control Social (CPCCS Ec) emiti\u00f3 comentarios contradictorios tras una posible destituci\u00f3n del cargo. En una aseguraba que con ley en mano iban a desmontar lo cometido por el trujillato.<\/p>\n<p><img loading=\"lazy\" decoding=\"async\" class=\"alignnone size-medium wp-image-17734\" src=\"http:\/\/www.lodelmomentoloja.com\/wp-content\/uploads\/2023\/09\/IMG-20230906-WA0099-300x252.jpg\" alt=\"\" width=\"300\" height=\"252\" srcset=\"https:\/\/www.lodelmomentoloja.com\/wp-content\/uploads\/2023\/09\/IMG-20230906-WA0099-300x252.jpg 300w, https:\/\/www.lodelmomentoloja.com\/wp-content\/uploads\/2023\/09\/IMG-20230906-WA0099-1024x859.jpg 1024w, https:\/\/www.lodelmomentoloja.com\/wp-content\/uploads\/2023\/09\/IMG-20230906-WA0099-768x644.jpg 768w, https:\/\/www.lodelmomentoloja.com\/wp-content\/uploads\/2023\/09\/IMG-20230906-WA0099-640x537.jpg 640w, https:\/\/www.lodelmomentoloja.com\/wp-content\/uploads\/2023\/09\/IMG-20230906-WA0099.jpg 1182w\" sizes=\"(max-width: 300px) 100vw, 300px\" \/><\/p>\n<p>Y en otra aclara que el CPCCS no puede destituir o modificar resuelto por &#8216;el mismo&#8217; trujillato.<\/p>\n<p><img loading=\"lazy\" decoding=\"async\" class=\"alignnone size-medium wp-image-17735\" src=\"http:\/\/www.lodelmomentoloja.com\/wp-content\/uploads\/2023\/09\/IMG-20230906-WA0100-300x262.jpg\" alt=\"\" width=\"300\" height=\"262\" srcset=\"https:\/\/www.lodelmomentoloja.com\/wp-content\/uploads\/2023\/09\/IMG-20230906-WA0100-300x262.jpg 300w, https:\/\/www.lodelmomentoloja.com\/wp-content\/uploads\/2023\/09\/IMG-20230906-WA0100-1024x896.jpg 1024w, https:\/\/www.lodelmomentoloja.com\/wp-content\/uploads\/2023\/09\/IMG-20230906-WA0100-768x672.jpg 768w, https:\/\/www.lodelmomentoloja.com\/wp-content\/uploads\/2023\/09\/IMG-20230906-WA0100-640x560.jpg 640w, https:\/\/www.lodelmomentoloja.com\/wp-content\/uploads\/2023\/09\/IMG-20230906-WA0100.jpg 1300w\" sizes=\"(max-width: 300px) 100vw, 300px\" \/><\/p>\n<p>www.lodelmomentoloja.com<br \/>\n#LDMnoticias #lodelmomentolojaLDM<\/p>\n","protected":false},"excerpt":{"rendered":"<p>\ud83d\ude16\ud83d\udde3\ufe0f\ud83d\udc40 \u00a1Solo no me boten! Alembert Vera presidente del Consejo de Participaci\u00f3n Ciudadana y Control&#8230;<\/p>\n","protected":false},"author":1,"featured_media":17736,"comment_status":"open","ping_status":"open","sticky":false,"template":"","format":"standard","meta":{"footnotes":""},"categories":[7,1],"tags":[],"class_list":["post-17733","post","type-post","status-publish","format-standard","has-post-thumbnail","hentry","category-ecuador","category-inicio"],"_links":{"self":[{"href":"https:\/\/www.lodelmomentoloja.com\/index.php?rest_route=\/wp\/v2\/posts\/17733"}],"collection":[{"href":"https:\/\/www.lodelmomentoloja.com\/index.php?rest_route=\/wp\/v2\/posts"}],"about":[{"href":"https:\/\/www.lodelmomentoloja.com\/index.php?rest_route=\/wp\/v2\/types\/post"}],"author":[{"embeddable":true,"href":"https:\/\/www.lodelmomentoloja.com\/index.php?rest_route=\/wp\/v2\/users\/1"}],"replies":[{"embeddable":true,"href":"https:\/\/www.lodelmomentoloja.com\/index.php?rest_route=%2Fwp%2Fv2%2Fcomments&post=17733"}],"version-history":[{"count":1,"href":"https:\/\/www.lodelmomentoloja.com\/index.php?rest_route=\/wp\/v2\/posts\/17733\/revisions"}],"predecessor-version":[{"id":17737,"href":"https:\/\/www.lodelmomentoloja.com\/index.php?rest_route=\/wp\/v2\/posts\/17733\/revisions\/17737"}],"wp:featuredmedia":[{"embeddable":true,"href":"https:\/\/www.lodelmomentoloja.com\/index.php?rest_route=\/wp\/v2\/media\/17736"}],"wp:attachment":[{"href":"https:\/\/www.lodelmomentoloja.com\/index.php?rest_route=%2Fwp%2Fv2%2Fmedia&parent=17733"}],"wp:term":[{"taxonomy":"category","embeddable":true,"href":"https:\/\/www.lodelmomentoloja.com\/index.php?rest_route=%2Fwp%2Fv2%2Fcategories&post=17733"},{"taxonomy":"post_tag","embeddable":true,"href":"https:\/\/www.lodelmomentoloja.com\/index.php?rest_route=%2Fwp%2Fv2%2Ftags&post=17733"}],"curies":[{"name":"wp","href":"https:\/\/api.w.org\/{rel}","templated":true}]}}