{"id":1773,"date":"2021-01-11T09:02:02","date_gmt":"2021-01-11T09:02:02","guid":{"rendered":"http:\/\/www.lodelmomentoloja.com\/?p=1773"},"modified":"2021-01-11T17:04:48","modified_gmt":"2021-01-11T17:04:48","slug":"presidentes-de-ecuador-y-colombia-en-mataje","status":"publish","type":"post","link":"https:\/\/www.lodelmomentoloja.com\/?p=1773","title":{"rendered":"Presidentes de Ecuador y Colombia en Mataje"},"content":{"rendered":"<div class=\"kvgmc6g5 cxmmr5t8 oygrvhab hcukyx3x c1et5uql ii04i59q\">\n<div dir=\"auto\"><a class=\"oajrlxb2 g5ia77u1 qu0x051f esr5mh6w e9989ue4 r7d6kgcz rq0escxv nhd2j8a9 nc684nl6 p7hjln8o kvgmc6g5 cxmmr5t8 oygrvhab hcukyx3x jb3vyjys rz4wbd8a qt6c0cv9 a8nywdso i1ao9s8h esuyzwwr f1sip0of lzcic4wl q66pz984 gpro0wi8 b1v8xokw\" tabindex=\"0\" role=\"link\" href=\"https:\/\/www.facebook.com\/hashtag\/ecuador?__eep__=6&amp;__cft__[0]=AZX8pPSeZfUZnONR1fc_4TFdiHZyPzHFuMKo81MefiOqqr6Mm7TwYpHslGVgBhekZs8eiHIQ8Y184cV4NqR6jXq6_xFCThLylWMnGrsZ4UbH8szI3xOqzGNcgmoa6HNO5kD60arX2jCgMuJWqK4P-WCgSR628AazGE9iMl2WwrO5pRQmgfZIN5YhMvSmB3NCYcg&amp;__tn__=*NK-R\">#Ecuador<\/a> | Presidentes se encuentran el Puente Mataje.<\/div>\n<div dir=\"auto\"><\/div>\n<\/div>\n<div class=\"o9v6fnle cxmmr5t8 oygrvhab hcukyx3x c1et5uql ii04i59q\">\n<div dir=\"auto\">El mandatario Len\u00edn Moreno de Ecuador y el mandatario Iv\u00e1n Duque de Colombia tuvieron un encuentro protocolar en el puente Mataje de provincia de Esmeraldas. En dicho encuentro, recorrieron el puente de 68 metros de longitud que une las fronteras de ambos pa\u00edses y seg\u00fan el Gobierno ecuatoriano, es &#8220;desde hace varios a\u00f1os una necesidad y un anhelo de ambas naciones&#8221;. Moreno, en su intervenci\u00f3n, mencion\u00f3 que el puente no es solo una &#8220;obra vial&#8221;, sino que se trata de un mecanismo de uni\u00f3n, comercio, turismo e intercambio cultural entre Ecuador y Colombia.<\/div>\n<div dir=\"auto\"><\/div>\n<\/div>\n<div class=\"o9v6fnle cxmmr5t8 oygrvhab hcukyx3x c1et5uql ii04i59q\">\n<div dir=\"auto\">Este, es el mismo puente donde Lenin Moreno, un 18 de abril del 2018 con Fernando Rinc\u00f3n de la cadena CNN mediante una entrevista conversaban sobre el tema, lo mismo pas\u00f3 en la cadena NTN24, el presidente de Ecuador dijo: &#8220;Hemos construido una carretera con un puente que no va a ninguna parte&#8221;<\/div>\n<\/div>\n","protected":false},"excerpt":{"rendered":"<p>#Ecuador | Presidentes se encuentran el Puente Mataje. El mandatario Len\u00edn Moreno de Ecuador y&#8230;<\/p>\n","protected":false},"author":1,"featured_media":1774,"comment_status":"open","ping_status":"open","sticky":false,"template":"","format":"standard","meta":{"footnotes":""},"categories":[1],"tags":[],"class_list":["post-1773","post","type-post","status-publish","format-standard","has-post-thumbnail","hentry","category-inicio"],"_links":{"self":[{"href":"https:\/\/www.lodelmomentoloja.com\/index.php?rest_route=\/wp\/v2\/posts\/1773"}],"collection":[{"href":"https:\/\/www.lodelmomentoloja.com\/index.php?rest_route=\/wp\/v2\/posts"}],"about":[{"href":"https:\/\/www.lodelmomentoloja.com\/index.php?rest_route=\/wp\/v2\/types\/post"}],"author":[{"embeddable":true,"href":"https:\/\/www.lodelmomentoloja.com\/index.php?rest_route=\/wp\/v2\/users\/1"}],"replies":[{"embeddable":true,"href":"https:\/\/www.lodelmomentoloja.com\/index.php?rest_route=%2Fwp%2Fv2%2Fcomments&post=1773"}],"version-history":[{"count":1,"href":"https:\/\/www.lodelmomentoloja.com\/index.php?rest_route=\/wp\/v2\/posts\/1773\/revisions"}],"predecessor-version":[{"id":1775,"href":"https:\/\/www.lodelmomentoloja.com\/index.php?rest_route=\/wp\/v2\/posts\/1773\/revisions\/1775"}],"wp:featuredmedia":[{"embeddable":true,"href":"https:\/\/www.lodelmomentoloja.com\/index.php?rest_route=\/wp\/v2\/media\/1774"}],"wp:attachment":[{"href":"https:\/\/www.lodelmomentoloja.com\/index.php?rest_route=%2Fwp%2Fv2%2Fmedia&parent=1773"}],"wp:term":[{"taxonomy":"category","embeddable":true,"href":"https:\/\/www.lodelmomentoloja.com\/index.php?rest_route=%2Fwp%2Fv2%2Fcategories&post=1773"},{"taxonomy":"post_tag","embeddable":true,"href":"https:\/\/www.lodelmomentoloja.com\/index.php?rest_route=%2Fwp%2Fv2%2Ftags&post=1773"}],"curies":[{"name":"wp","href":"https:\/\/api.w.org\/{rel}","templated":true}]}}