{"id":17717,"date":"2023-09-06T10:00:17","date_gmt":"2023-09-06T10:00:17","guid":{"rendered":"https:\/\/www.lodelmomentoloja.com\/?p=17717"},"modified":"2023-09-06T16:42:39","modified_gmt":"2023-09-06T16:42:39","slug":"asambleista-de-adn-en-loja-usa-chaleco-antibalas-por-moda","status":"publish","type":"post","link":"https:\/\/www.lodelmomentoloja.com\/?p=17717","title":{"rendered":"Asamble\u00edsta de ADN en Loja usa chaleco antibalas por moda."},"content":{"rendered":"<p>En las \u00faltimas semanas, luego de que se anunciaran resultados de las elecciones anticipadas en los que se conoce que Luisa Gonz\u00e1les de RC5 y Daniel Noboa de ADN 4-35 ir\u00e1n a la segunda vuelta por la presidencia de la Rep\u00fablica, los ahora asamble\u00edstas no se han quedado quietos y comienzan a generar diferentes actividades alrededor de esta nueva segunda vuelta, entre ellas, reuniones y alianzas con diversos grupos pol\u00edticos que puedan sumar voluntades en su objetivo.<\/p>\n<p>En la provincia de Loja algo que <strong>ha generado m\u00e1s cr\u00edticas que aplausos son las acciones de Jorge Luis Guevara Benavidez, asamble\u00edsta de Loja por la alianza ADN<\/strong>, electo en estas elecciones anticipadas de 2023. El legislador electo ha sido criticado en redes sociales por <strong>el uso del chaleco antibalas y fuerte resguardo de seguridad que acompa\u00f1an a sus recorridos<\/strong> por la provincia de Loja, algo que en campa\u00f1a no lo usaba, ni chaleco antibalas o seguridad privada, pero en esta segunda vuelta lo hace como un eco a lo que realiza su candidato presidencial.<\/p>\n<p>Seg\u00fan la periodista Gina Yauri, este simbolismo comunicacionalmente es \u201crid\u00edculo y una burla a la ciudadan\u00eda que ande haciendo campa\u00f1a con chaleco antibalas, cuando la ciudadan\u00eda d\u00eda a d\u00eda vive en zozobra por la inseguridad&#8221; recalca.<\/p>\n<p>Las cr\u00edticas se ocasionan porque <strong>no cuenta con informe t\u00e9cnico emitido por la Polic\u00eda Nacional que especifiqu\u00e9 que Guevara corre peligro<\/strong>; \u201cGuevara cree que ponerse chaleco es moda\u201d. Este dato, fue verificado por LDM y el ponerse chaleco es por iniciativa de cada personaje.<\/p>\n<p>El recorrido que realiza por la Provincia de Loja con chaleco antibalas no es bien visto por la ciudadan\u00eda \u201cEs teatrero el se\u00f1or, por ac\u00e1 tambi\u00e9n lleg\u00f3 hecho el rid\u00edculo con chaleco y guardaespaldas y un discurso bien desubicado\u201d cuestiona el internauta Efr\u00e9n Abarca.<\/p>\n<p>Estas cr\u00edticas ponen en el ojo p\u00fablico de c\u00f3mo ser\u00eda el trabajo legislativo de Jorge Guevara. Los usuarios de redes sociales exigen al asamble\u00edsta electo se ponga a trabajar ya que fue beneficiado con el voto popular de los lojanos y dej\u00e9 de \u201cllamar la atenci\u00f3n y tratar de imitar a su actual l\u00edder de movimiento pol\u00edtico\u201d aclara el periodista Pa\u00fal Ortiz.<\/p>\n<p>Sin embargo, el pasado 4 de septiembre del presente, el asamble\u00edsta electo Jorge Guevara, en entrevista en una radio local, recalca \u201cdespu\u00e9s de la muerte de Villavicencio, todo se puso en alerta yo mismo tengo que andar con seguridad\u201d. Pese a no existir un informe t\u00e9cnico que ratifiqu\u00e9 el riesgo por su vida. Cabe recalcar que en la provincia de Loja, <strong>ninguno de los otros tres asamble\u00edstas electos de Loja como Johanna Ort\u00edz, Humberto Tapia y Rafael D\u00e1vila utilizan chaleco antibalas<\/strong> por todo lo antes mencionado.<\/p>\n<p>&nbsp;<\/p>\n<p><em>S\u00edguenos #LDMnoticias \u00f3 #lodelmomentolojaLDM<\/em><\/p>\n","protected":false},"excerpt":{"rendered":"<p>En las \u00faltimas semanas, luego de que se anunciaran resultados de las elecciones anticipadas en&#8230;<\/p>\n","protected":false},"author":1,"featured_media":17718,"comment_status":"open","ping_status":"open","sticky":false,"template":"","format":"standard","meta":{"footnotes":""},"categories":[5],"tags":[],"class_list":["post-17717","post","type-post","status-publish","format-standard","has-post-thumbnail","hentry","category-loja"],"_links":{"self":[{"href":"https:\/\/www.lodelmomentoloja.com\/index.php?rest_route=\/wp\/v2\/posts\/17717"}],"collection":[{"href":"https:\/\/www.lodelmomentoloja.com\/index.php?rest_route=\/wp\/v2\/posts"}],"about":[{"href":"https:\/\/www.lodelmomentoloja.com\/index.php?rest_route=\/wp\/v2\/types\/post"}],"author":[{"embeddable":true,"href":"https:\/\/www.lodelmomentoloja.com\/index.php?rest_route=\/wp\/v2\/users\/1"}],"replies":[{"embeddable":true,"href":"https:\/\/www.lodelmomentoloja.com\/index.php?rest_route=%2Fwp%2Fv2%2Fcomments&post=17717"}],"version-history":[{"count":1,"href":"https:\/\/www.lodelmomentoloja.com\/index.php?rest_route=\/wp\/v2\/posts\/17717\/revisions"}],"predecessor-version":[{"id":17719,"href":"https:\/\/www.lodelmomentoloja.com\/index.php?rest_route=\/wp\/v2\/posts\/17717\/revisions\/17719"}],"wp:featuredmedia":[{"embeddable":true,"href":"https:\/\/www.lodelmomentoloja.com\/index.php?rest_route=\/wp\/v2\/media\/17718"}],"wp:attachment":[{"href":"https:\/\/www.lodelmomentoloja.com\/index.php?rest_route=%2Fwp%2Fv2%2Fmedia&parent=17717"}],"wp:term":[{"taxonomy":"category","embeddable":true,"href":"https:\/\/www.lodelmomentoloja.com\/index.php?rest_route=%2Fwp%2Fv2%2Fcategories&post=17717"},{"taxonomy":"post_tag","embeddable":true,"href":"https:\/\/www.lodelmomentoloja.com\/index.php?rest_route=%2Fwp%2Fv2%2Ftags&post=17717"}],"curies":[{"name":"wp","href":"https:\/\/api.w.org\/{rel}","templated":true}]}}