{"id":17714,"date":"2023-09-06T09:52:15","date_gmt":"2023-09-06T09:52:15","guid":{"rendered":"https:\/\/www.lodelmomentoloja.com\/?p=17714"},"modified":"2023-09-06T14:53:27","modified_gmt":"2023-09-06T14:53:27","slug":"clero-loja-o-se-realizara-del-11-al-13-de-septiembre","status":"publish","type":"post","link":"https:\/\/www.lodelmomentoloja.com\/?p=17714","title":{"rendered":"Clero loja o se realizar\u00e1 del 11 al 13 de Septiembre"},"content":{"rendered":"<p>\u26ea\ud83d\ude4f\ud83c\udffb\ud83d\udd4a\ufe0f \u00a1en Honor a la Churonita! La Di\u00f3cesis de Loja y su Vicar\u00eda For\u00e1nea de San Antonio de Macar\u00e1, realiza la invitaci\u00f3n para celebrar la Fiesta del Clero lojano, en el que rinde un homenaje a la Reina Coronada de El Cisne, dicho evento se realizar\u00e1 desde el 11 al 13 de Septiembre de 2023.<\/p>\n<p>\ud835\udc0f\ud835\udc2b\ud835\udc28\ud835\udc20\ud835\udc2b\ud835\udc1a\ud835\udc26\ud835\udc1a \ud835\udc1d\ud835\udc1e \ud835\udc05\ud835\udc22\ud835\udc1e\ud835\udc2c\ud835\udc2d\ud835\udc1a\ud835\udc2c<\/p>\n<p>\ud83d\uddd3\ufe0f11 de septiembre \/ 17H00 \/ Lanzamiento del II Tomo de la Historia de la Di\u00f3cesis de Loja \/ Casa de la Cultura.\ud83d\udcd3<\/p>\n<p>\ud83d\uddd3\ufe0f 11 de septiembre \/ 19H00 \/ Primer D\u00eda del Tr\u00edduo \ud83d\ude4f<\/p>\n<p>\ud83d\uddd3\ufe0f 12 de septiembre \/ 09H00 \/ Ecunetro Sacerdotal\ud83d\udd4a\ufe0f<\/p>\n<p>\ud83d\uddd3\ufe0f 12 de septiembre \/ 19H00 \/ Segundo D\u00eda del Tr\u00edduo\ud83d\ude4f<\/p>\n<p>\ud83d\uddd3\ufe0f 13 de septiembre \/ 10H00 \/ Solemne Misa de Fiesta\ud83d\udd4a\ufe0f<\/p>\n<p>www.lodeomentoloja.com<\/p>\n<p>#LDMnoticias #lodelmomentolojaLDM<\/p>\n","protected":false},"excerpt":{"rendered":"<p>\u26ea\ud83d\ude4f\ud83c\udffb\ud83d\udd4a\ufe0f \u00a1en Honor a la Churonita! La Di\u00f3cesis de Loja y su Vicar\u00eda For\u00e1nea de&#8230;<\/p>\n","protected":false},"author":1,"featured_media":17715,"comment_status":"open","ping_status":"open","sticky":false,"template":"","format":"standard","meta":{"footnotes":""},"categories":[1,5],"tags":[],"class_list":["post-17714","post","type-post","status-publish","format-standard","has-post-thumbnail","hentry","category-inicio","category-loja"],"_links":{"self":[{"href":"https:\/\/www.lodelmomentoloja.com\/index.php?rest_route=\/wp\/v2\/posts\/17714"}],"collection":[{"href":"https:\/\/www.lodelmomentoloja.com\/index.php?rest_route=\/wp\/v2\/posts"}],"about":[{"href":"https:\/\/www.lodelmomentoloja.com\/index.php?rest_route=\/wp\/v2\/types\/post"}],"author":[{"embeddable":true,"href":"https:\/\/www.lodelmomentoloja.com\/index.php?rest_route=\/wp\/v2\/users\/1"}],"replies":[{"embeddable":true,"href":"https:\/\/www.lodelmomentoloja.com\/index.php?rest_route=%2Fwp%2Fv2%2Fcomments&post=17714"}],"version-history":[{"count":1,"href":"https:\/\/www.lodelmomentoloja.com\/index.php?rest_route=\/wp\/v2\/posts\/17714\/revisions"}],"predecessor-version":[{"id":17716,"href":"https:\/\/www.lodelmomentoloja.com\/index.php?rest_route=\/wp\/v2\/posts\/17714\/revisions\/17716"}],"wp:featuredmedia":[{"embeddable":true,"href":"https:\/\/www.lodelmomentoloja.com\/index.php?rest_route=\/wp\/v2\/media\/17715"}],"wp:attachment":[{"href":"https:\/\/www.lodelmomentoloja.com\/index.php?rest_route=%2Fwp%2Fv2%2Fmedia&parent=17714"}],"wp:term":[{"taxonomy":"category","embeddable":true,"href":"https:\/\/www.lodelmomentoloja.com\/index.php?rest_route=%2Fwp%2Fv2%2Fcategories&post=17714"},{"taxonomy":"post_tag","embeddable":true,"href":"https:\/\/www.lodelmomentoloja.com\/index.php?rest_route=%2Fwp%2Fv2%2Ftags&post=17714"}],"curies":[{"name":"wp","href":"https:\/\/api.w.org\/{rel}","templated":true}]}}