{"id":17663,"date":"2023-09-04T13:16:16","date_gmt":"2023-09-04T13:16:16","guid":{"rendered":"https:\/\/www.lodelmomentoloja.com\/?p=17663"},"modified":"2023-09-04T18:20:06","modified_gmt":"2023-09-04T18:20:06","slug":"debate-presidencial-sera-cara-a-cara","status":"publish","type":"post","link":"https:\/\/www.lodelmomentoloja.com\/?p=17663","title":{"rendered":"Debate presidencial ser\u00e1 cara a cara."},"content":{"rendered":"<p>A menos de dos meses de las elecciones presidenciales en Ecuador, los candidatos finalistas, Luisa Gonz\u00e1lez y Daniel Noboa, se preparan para su enfrentamiento cara a cara en el segundo debate presidencial, programado para el domingo 1 de octubre.<\/p>\n<p>Este debate se convierte en un punto crucial en la carrera electoral, ya que ambos candidatos buscan captar las voluntades de aquellos que no los favorecieron en la primera vuelta, un grupo que representa 4,2 millones de votos, sumando los apoyos de los otros seis aspirantes presidenciales.<\/p>\n<p>Luisa Gonz\u00e1lez, candidata del movimiento Revoluci\u00f3n Ciudadana, lleg\u00f3 al primer debate como l\u00edder en las encuestas y durante su participaci\u00f3n, se centr\u00f3 en confrontar a sus principales rivales en ese momento y enfatiz\u00f3 los logros pasados del gobierno de Rafael Correa. Su actuaci\u00f3n recibi\u00f3 tanto cr\u00edticas como elogios.<\/p>\n<p>Por otro lado, Daniel Noboa, de la Alianza Democr\u00e1tica Nacional (ADN), no era considerado uno de los principales candidatos antes del debate, pero su actuaci\u00f3n serena y enfocada en sus ideas lo convirti\u00f3 en una sorpresa para muchos. No recibi\u00f3 ataques ni los profiri\u00f3 contra otros candidatos.<\/p>\n<p>Para el segundo debate, se espera que la din\u00e1mica sea diferente, el tono que utilicen ser\u00e1 determinante, y las estrategias que definan con sus equipos para afianzar mensajes y actitudes ser\u00e1n cruciales, especialmente en las redes sociales y la conversaci\u00f3n digital.<\/p>\n<p>Los analistas advierten que el nivel de desgaste que experimenten ambos candidatos antes del debate ser\u00e1 importante.<\/p>\n<p>Aunque los analistas se\u00f1alan que las personalidades de los candidatos y la situaci\u00f3n actual del pa\u00eds son diferentes a las de hace 17 a\u00f1os (Rafael Correa contra \u00c1lvaro Noboa).<\/p>\n<p>www.lodelmomentoloja.com<\/p>\n<p>#LDMnoticias #lodelmomentolojaLDM<\/p>\n","protected":false},"excerpt":{"rendered":"<p>A menos de dos meses de las elecciones presidenciales en Ecuador, los candidatos finalistas, Luisa&#8230;<\/p>\n","protected":false},"author":1,"featured_media":17664,"comment_status":"open","ping_status":"open","sticky":false,"template":"","format":"standard","meta":{"footnotes":""},"categories":[7,1],"tags":[],"class_list":["post-17663","post","type-post","status-publish","format-standard","has-post-thumbnail","hentry","category-ecuador","category-inicio"],"_links":{"self":[{"href":"https:\/\/www.lodelmomentoloja.com\/index.php?rest_route=\/wp\/v2\/posts\/17663"}],"collection":[{"href":"https:\/\/www.lodelmomentoloja.com\/index.php?rest_route=\/wp\/v2\/posts"}],"about":[{"href":"https:\/\/www.lodelmomentoloja.com\/index.php?rest_route=\/wp\/v2\/types\/post"}],"author":[{"embeddable":true,"href":"https:\/\/www.lodelmomentoloja.com\/index.php?rest_route=\/wp\/v2\/users\/1"}],"replies":[{"embeddable":true,"href":"https:\/\/www.lodelmomentoloja.com\/index.php?rest_route=%2Fwp%2Fv2%2Fcomments&post=17663"}],"version-history":[{"count":1,"href":"https:\/\/www.lodelmomentoloja.com\/index.php?rest_route=\/wp\/v2\/posts\/17663\/revisions"}],"predecessor-version":[{"id":17665,"href":"https:\/\/www.lodelmomentoloja.com\/index.php?rest_route=\/wp\/v2\/posts\/17663\/revisions\/17665"}],"wp:featuredmedia":[{"embeddable":true,"href":"https:\/\/www.lodelmomentoloja.com\/index.php?rest_route=\/wp\/v2\/media\/17664"}],"wp:attachment":[{"href":"https:\/\/www.lodelmomentoloja.com\/index.php?rest_route=%2Fwp%2Fv2%2Fmedia&parent=17663"}],"wp:term":[{"taxonomy":"category","embeddable":true,"href":"https:\/\/www.lodelmomentoloja.com\/index.php?rest_route=%2Fwp%2Fv2%2Fcategories&post=17663"},{"taxonomy":"post_tag","embeddable":true,"href":"https:\/\/www.lodelmomentoloja.com\/index.php?rest_route=%2Fwp%2Fv2%2Ftags&post=17663"}],"curies":[{"name":"wp","href":"https:\/\/api.w.org\/{rel}","templated":true}]}}