{"id":17522,"date":"2023-08-28T10:00:30","date_gmt":"2023-08-28T10:00:30","guid":{"rendered":"https:\/\/www.lodelmomentoloja.com\/?p=17522"},"modified":"2023-08-28T16:39:06","modified_gmt":"2023-08-28T16:39:06","slug":"cne-aprobo-diseno-de-papeleta-para-binomio-presidencial-luisa-vs-noboa","status":"publish","type":"post","link":"https:\/\/www.lodelmomentoloja.com\/?p=17522","title":{"rendered":"El dise\u00f1o de papeleta para binomio presidencial Luisa vs. Noboa est\u00e1 listo."},"content":{"rendered":"<p>El Pleno del CNE aprob\u00f3, este 26 de agosto, el dise\u00f1o de la papeleta electoral de binomio presidencial para la segunda vuelta de los comicios anticipados 2023, a realizarse el pr\u00f3ximo domingo 15 de octubre 2023, la papeleta contar\u00e1 con tres niveles de seguridad de alta complejidad, anticopia y antiesc\u00e1ner, que impiden su falsificaci\u00f3n, alteraci\u00f3n, duplicaci\u00f3n y sustituci\u00f3n.<\/p>\n<p>Por otro lado, las autoridades electorales aprobaron los dise\u00f1os del material electoral gen\u00e9rico para las Elecciones de los Vocales de la Junta Parroquial Rural de Calacal\u00ed que se realizar\u00e1 el 8 de octubre.<\/p>\n<p>.<\/p>\n<h4>MODELO DE LA PAPELETA<\/h4>\n<p><img loading=\"lazy\" decoding=\"async\" class=\"alignnone wp-image-17523 size-full\" src=\"http:\/\/www.lodelmomentoloja.com\/wp-content\/uploads\/2023\/08\/432.jpg\" alt=\"\" width=\"892\" height=\"650\" srcset=\"https:\/\/www.lodelmomentoloja.com\/wp-content\/uploads\/2023\/08\/432.jpg 892w, https:\/\/www.lodelmomentoloja.com\/wp-content\/uploads\/2023\/08\/432-300x219.jpg 300w, https:\/\/www.lodelmomentoloja.com\/wp-content\/uploads\/2023\/08\/432-768x560.jpg 768w, https:\/\/www.lodelmomentoloja.com\/wp-content\/uploads\/2023\/08\/432-640x466.jpg 640w\" sizes=\"(max-width: 892px) 100vw, 892px\" \/><\/p>\n<p>Los candidatos presidenciales finalistas esperar\u00e1n del voto de los ecuatorianos para alistar el camino a Carondelet, el ganador de esta contienda electoral deber\u00e1 gobernar el Ecuador por un periodo de un a\u00f1os y 6 meses, es decir hasta el 24 de mayo 2025. Los 18 meses se puede deducir a 540 d\u00edas como president@ \u00f3 vicepresident@, mismo tiempo que ocupar\u00e1n los 137 asamble\u00edstas ya electos.<\/p>\n<blockquote class=\"twitter-tweet\" data-width=\"550\" data-dnt=\"true\">\n<p lang=\"es\" dir=\"ltr\">Bolet\u00edn \ud83d\uddde\ufe0f | El <a href=\"https:\/\/twitter.com\/hashtag\/PlenoCNE?src=hash&amp;ref_src=twsrc%5Etfw\">#PlenoCNE<\/a> aprob\u00f3 el dise\u00f1o de la <a href=\"https:\/\/twitter.com\/hashtag\/PapeletaElectoralEc?src=hash&amp;ref_src=twsrc%5Etfw\">#PapeletaElectoralEc<\/a> para la segunda vuelta de las <a href=\"https:\/\/twitter.com\/hashtag\/EleccionesAnticipadas2023Ec?src=hash&amp;ref_src=twsrc%5Etfw\">#EleccionesAnticipadas2023Ec<\/a>. \ud83c\uddea\ud83c\udde8<\/p>\n<p>Te contamos los detalles\u2935\ufe0f<a href=\"https:\/\/t.co\/uz1yHmF8f2\">https:\/\/t.co\/uz1yHmF8f2<\/a> <a href=\"https:\/\/t.co\/xW1y25BEVT\">pic.twitter.com\/xW1y25BEVT<\/a><\/p>\n<p>&mdash; cnegobec (@cnegobec) <a href=\"https:\/\/twitter.com\/cnegobec\/status\/1695617159332815180?ref_src=twsrc%5Etfw\">August 27, 2023<\/a><\/p><\/blockquote>\n<p><script async src=\"https:\/\/platform.twitter.com\/widgets.js\" charset=\"utf-8\"><\/script><\/p>\n<p>S\u00edguenos #LDMnoticias \u00f3 #lodelmomentolojaLDM<\/p>\n","protected":false},"excerpt":{"rendered":"<p>El Pleno del CNE aprob\u00f3, este 26 de agosto, el dise\u00f1o de la papeleta electoral&#8230;<\/p>\n","protected":false},"author":1,"featured_media":17526,"comment_status":"open","ping_status":"open","sticky":false,"template":"","format":"standard","meta":{"footnotes":""},"categories":[7,1,5],"tags":[],"class_list":["post-17522","post","type-post","status-publish","format-standard","has-post-thumbnail","hentry","category-ecuador","category-inicio","category-loja"],"_links":{"self":[{"href":"https:\/\/www.lodelmomentoloja.com\/index.php?rest_route=\/wp\/v2\/posts\/17522"}],"collection":[{"href":"https:\/\/www.lodelmomentoloja.com\/index.php?rest_route=\/wp\/v2\/posts"}],"about":[{"href":"https:\/\/www.lodelmomentoloja.com\/index.php?rest_route=\/wp\/v2\/types\/post"}],"author":[{"embeddable":true,"href":"https:\/\/www.lodelmomentoloja.com\/index.php?rest_route=\/wp\/v2\/users\/1"}],"replies":[{"embeddable":true,"href":"https:\/\/www.lodelmomentoloja.com\/index.php?rest_route=%2Fwp%2Fv2%2Fcomments&post=17522"}],"version-history":[{"count":2,"href":"https:\/\/www.lodelmomentoloja.com\/index.php?rest_route=\/wp\/v2\/posts\/17522\/revisions"}],"predecessor-version":[{"id":17525,"href":"https:\/\/www.lodelmomentoloja.com\/index.php?rest_route=\/wp\/v2\/posts\/17522\/revisions\/17525"}],"wp:featuredmedia":[{"embeddable":true,"href":"https:\/\/www.lodelmomentoloja.com\/index.php?rest_route=\/wp\/v2\/media\/17526"}],"wp:attachment":[{"href":"https:\/\/www.lodelmomentoloja.com\/index.php?rest_route=%2Fwp%2Fv2%2Fmedia&parent=17522"}],"wp:term":[{"taxonomy":"category","embeddable":true,"href":"https:\/\/www.lodelmomentoloja.com\/index.php?rest_route=%2Fwp%2Fv2%2Fcategories&post=17522"},{"taxonomy":"post_tag","embeddable":true,"href":"https:\/\/www.lodelmomentoloja.com\/index.php?rest_route=%2Fwp%2Fv2%2Ftags&post=17522"}],"curies":[{"name":"wp","href":"https:\/\/api.w.org\/{rel}","templated":true}]}}