{"id":17489,"date":"2023-08-25T08:13:22","date_gmt":"2023-08-25T08:13:22","guid":{"rendered":"https:\/\/www.lodelmomentoloja.com\/?p=17489"},"modified":"2023-08-25T15:15:37","modified_gmt":"2023-08-25T15:15:37","slug":"carrillo-inhabilitado-para-ejercer-cargo-publico","status":"publish","type":"post","link":"https:\/\/www.lodelmomentoloja.com\/?p=17489","title":{"rendered":"Carrillo inhabilitado para ejercer cargo p\u00fablico"},"content":{"rendered":"<p>\ud83d\udc40\ud83d\udde3\ufe0f\ud83d\udcbc \u00a1Los fantasmas del pasado! El Ministerio de Trabajo certific\u00f3 el 24 de agosto de 2023 que el ex Ministro del Interior Patricio Carrillo, asamble\u00edsta electo por el movimiento Construye, registrar\u00eda impedimentos legales para ejercer cargos p\u00fablicos, tras ser destituido el pasado febrero por la Asamblea Nacional, cuando fue legislador.<\/p>\n<p>www.lodelmomentoloja.com<br \/>\n#LDMnoticias #lodelmomentolojaLDM<\/p>\n","protected":false},"excerpt":{"rendered":"<p>\ud83d\udc40\ud83d\udde3\ufe0f\ud83d\udcbc \u00a1Los fantasmas del pasado! El Ministerio de Trabajo certific\u00f3 el 24 de agosto de&#8230;<\/p>\n","protected":false},"author":1,"featured_media":17490,"comment_status":"open","ping_status":"open","sticky":false,"template":"","format":"standard","meta":{"footnotes":""},"categories":[7,1],"tags":[],"class_list":["post-17489","post","type-post","status-publish","format-standard","has-post-thumbnail","hentry","category-ecuador","category-inicio"],"_links":{"self":[{"href":"https:\/\/www.lodelmomentoloja.com\/index.php?rest_route=\/wp\/v2\/posts\/17489"}],"collection":[{"href":"https:\/\/www.lodelmomentoloja.com\/index.php?rest_route=\/wp\/v2\/posts"}],"about":[{"href":"https:\/\/www.lodelmomentoloja.com\/index.php?rest_route=\/wp\/v2\/types\/post"}],"author":[{"embeddable":true,"href":"https:\/\/www.lodelmomentoloja.com\/index.php?rest_route=\/wp\/v2\/users\/1"}],"replies":[{"embeddable":true,"href":"https:\/\/www.lodelmomentoloja.com\/index.php?rest_route=%2Fwp%2Fv2%2Fcomments&post=17489"}],"version-history":[{"count":1,"href":"https:\/\/www.lodelmomentoloja.com\/index.php?rest_route=\/wp\/v2\/posts\/17489\/revisions"}],"predecessor-version":[{"id":17491,"href":"https:\/\/www.lodelmomentoloja.com\/index.php?rest_route=\/wp\/v2\/posts\/17489\/revisions\/17491"}],"wp:featuredmedia":[{"embeddable":true,"href":"https:\/\/www.lodelmomentoloja.com\/index.php?rest_route=\/wp\/v2\/media\/17490"}],"wp:attachment":[{"href":"https:\/\/www.lodelmomentoloja.com\/index.php?rest_route=%2Fwp%2Fv2%2Fmedia&parent=17489"}],"wp:term":[{"taxonomy":"category","embeddable":true,"href":"https:\/\/www.lodelmomentoloja.com\/index.php?rest_route=%2Fwp%2Fv2%2Fcategories&post=17489"},{"taxonomy":"post_tag","embeddable":true,"href":"https:\/\/www.lodelmomentoloja.com\/index.php?rest_route=%2Fwp%2Fv2%2Ftags&post=17489"}],"curies":[{"name":"wp","href":"https:\/\/api.w.org\/{rel}","templated":true}]}}