{"id":17428,"date":"2023-08-22T11:00:25","date_gmt":"2023-08-22T11:00:25","guid":{"rendered":"https:\/\/www.lodelmomentoloja.com\/?p=17428"},"modified":"2023-08-22T16:17:40","modified_gmt":"2023-08-22T16:17:40","slug":"daniel-noboa-y-los-nombres-que-lo-acompanarian-en-caso-de-ser-presidente","status":"publish","type":"post","link":"https:\/\/www.lodelmomentoloja.com\/?p=17428","title":{"rendered":"Daniel Noboa y los nombres que lo acompa\u00f1ar\u00edan en caso de ser presidente"},"content":{"rendered":"<p>A pesar de haber pasado dos d\u00edas luego de las elecciones anticipadas, el ahora candidato finalista a la presidencia de la Rep\u00fablica Daniel Noboa, lanz\u00f3 el nombre de las personas que posiblemente acompa\u00f1ar\u00edan a diferentes gabinetes ministeriales que ayudar\u00edan a cumplir un hipot\u00e9tico plan de gobierno en caso de llegar a Carondelet.<\/p>\n<p>En programas como En Contacto y Caf\u00e9 La Posta, mencion\u00f3 cuatro nombres para respectivos cargos, expresando que lo han venido acompa\u00f1ando desde antes de llegar al momento pol\u00edtico por el que est\u00e1n pasando ahora, resaltando que son personas que han confiado en \u00e9l y su proyecto, sin dejar de mencionar que son competencias para los cargos.<\/p>\n<ul>\n<li>Iv\u00e1n Carmigniani al frente de la Secretar\u00eda de Comunicaci\u00f3n.<\/li>\n<li>Iv\u00e1n Wong como Ministro de Agricultura.<\/li>\n<li>Gabriela Sommerfeld al frente de la Canciller\u00eda.<\/li>\n<li>Sonsoles Garc\u00eda como Ministra de Producci\u00f3n.<\/li>\n<\/ul>\n<p>&nbsp;<\/p>\n<h3>\u00bfQui\u00e9nes son estos perfiles?<\/h3>\n<p><strong>Iv\u00e1n Carmigniani.<\/strong><\/p>\n<p><img loading=\"lazy\" decoding=\"async\" class=\"alignnone wp-image-17430 \" src=\"http:\/\/www.lodelmomentoloja.com\/wp-content\/uploads\/2023\/08\/aaaa.jpg\" alt=\"\" width=\"509\" height=\"505\" srcset=\"https:\/\/www.lodelmomentoloja.com\/wp-content\/uploads\/2023\/08\/aaaa.jpg 853w, https:\/\/www.lodelmomentoloja.com\/wp-content\/uploads\/2023\/08\/aaaa-300x298.jpg 300w, https:\/\/www.lodelmomentoloja.com\/wp-content\/uploads\/2023\/08\/aaaa-150x150.jpg 150w, https:\/\/www.lodelmomentoloja.com\/wp-content\/uploads\/2023\/08\/aaaa-768x763.jpg 768w, https:\/\/www.lodelmomentoloja.com\/wp-content\/uploads\/2023\/08\/aaaa-640x636.jpg 640w\" sizes=\"(max-width: 509px) 100vw, 509px\" \/><\/p>\n<p><strong>.<\/strong><\/p>\n<p><strong>Gabriela Sommerfeld<\/strong><\/p>\n<blockquote class=\"twitter-tweet\" data-width=\"550\" data-dnt=\"true\">\n<p lang=\"es\" dir=\"ltr\">Importante la fiesta democr\u00e1tica que se vivi\u00f3 ayer en <a href=\"https:\/\/twitter.com\/hashtag\/Ecuador?src=hash&amp;ref_src=twsrc%5Etfw\">#Ecuador<\/a>.  Siempre es perfectible; sin embargo, vivir bajo democracia es lo que siempre se debe defender\ud83c\uddea\ud83c\udde8\ud83c\uddea\ud83c\udde8\ud83c\uddea\ud83c\udde8\ud83c\uddea\ud83c\udde8 <a href=\"https:\/\/t.co\/FwnPw4rygI\">https:\/\/t.co\/FwnPw4rygI<\/a><\/p>\n<p>&mdash; Gabriela Sommerfeld (@gabisommerfeld) <a href=\"https:\/\/twitter.com\/gabisommerfeld\/status\/1693592813919723584?ref_src=twsrc%5Etfw\">August 21, 2023<\/a><\/p><\/blockquote>\n<p><script async src=\"https:\/\/platform.twitter.com\/widgets.js\" charset=\"utf-8\"><\/script><\/p>\n<p><strong>.<\/strong><\/p>\n<p><strong>Sonsoles Garc\u00eda<\/strong><\/p>\n<blockquote class=\"twitter-tweet\" data-width=\"550\" data-dnt=\"true\">\n<p lang=\"es\" dir=\"ltr\">El inicio de un nuevo Ecuador \ud83c\uddea\ud83c\udde8<\/p>\n<p>&mdash; Sonsoles Garc\u00eda (@sonsoles89) <a href=\"https:\/\/twitter.com\/sonsoles89\/status\/1693590539084374033?ref_src=twsrc%5Etfw\">August 21, 2023<\/a><\/p><\/blockquote>\n<p><script async src=\"https:\/\/platform.twitter.com\/widgets.js\" charset=\"utf-8\"><\/script><\/p>\n<p><strong>.<\/strong><\/p>\n<p><strong>Iv\u00e1n Wong<\/strong><\/p>\n<p><img loading=\"lazy\" decoding=\"async\" class=\"alignnone wp-image-17431 \" src=\"http:\/\/www.lodelmomentoloja.com\/wp-content\/uploads\/2023\/08\/swq.jpg\" alt=\"\" width=\"529\" height=\"525\" srcset=\"https:\/\/www.lodelmomentoloja.com\/wp-content\/uploads\/2023\/08\/swq.jpg 853w, https:\/\/www.lodelmomentoloja.com\/wp-content\/uploads\/2023\/08\/swq-300x298.jpg 300w, https:\/\/www.lodelmomentoloja.com\/wp-content\/uploads\/2023\/08\/swq-150x150.jpg 150w, https:\/\/www.lodelmomentoloja.com\/wp-content\/uploads\/2023\/08\/swq-768x763.jpg 768w, https:\/\/www.lodelmomentoloja.com\/wp-content\/uploads\/2023\/08\/swq-640x636.jpg 640w\" sizes=\"(max-width: 529px) 100vw, 529px\" \/><\/p>\n<p>&nbsp;<\/p>\n<p><em>S\u00edguenos #LDMnoticias \u00f3 #lodelmomentolojaLDM<\/em><\/p>\n","protected":false},"excerpt":{"rendered":"<p>A pesar de haber pasado dos d\u00edas luego de las elecciones anticipadas, el ahora candidato&#8230;<\/p>\n","protected":false},"author":1,"featured_media":17429,"comment_status":"open","ping_status":"open","sticky":false,"template":"","format":"standard","meta":{"footnotes":""},"categories":[7,1],"tags":[],"class_list":["post-17428","post","type-post","status-publish","format-standard","has-post-thumbnail","hentry","category-ecuador","category-inicio"],"_links":{"self":[{"href":"https:\/\/www.lodelmomentoloja.com\/index.php?rest_route=\/wp\/v2\/posts\/17428"}],"collection":[{"href":"https:\/\/www.lodelmomentoloja.com\/index.php?rest_route=\/wp\/v2\/posts"}],"about":[{"href":"https:\/\/www.lodelmomentoloja.com\/index.php?rest_route=\/wp\/v2\/types\/post"}],"author":[{"embeddable":true,"href":"https:\/\/www.lodelmomentoloja.com\/index.php?rest_route=\/wp\/v2\/users\/1"}],"replies":[{"embeddable":true,"href":"https:\/\/www.lodelmomentoloja.com\/index.php?rest_route=%2Fwp%2Fv2%2Fcomments&post=17428"}],"version-history":[{"count":2,"href":"https:\/\/www.lodelmomentoloja.com\/index.php?rest_route=\/wp\/v2\/posts\/17428\/revisions"}],"predecessor-version":[{"id":17433,"href":"https:\/\/www.lodelmomentoloja.com\/index.php?rest_route=\/wp\/v2\/posts\/17428\/revisions\/17433"}],"wp:featuredmedia":[{"embeddable":true,"href":"https:\/\/www.lodelmomentoloja.com\/index.php?rest_route=\/wp\/v2\/media\/17429"}],"wp:attachment":[{"href":"https:\/\/www.lodelmomentoloja.com\/index.php?rest_route=%2Fwp%2Fv2%2Fmedia&parent=17428"}],"wp:term":[{"taxonomy":"category","embeddable":true,"href":"https:\/\/www.lodelmomentoloja.com\/index.php?rest_route=%2Fwp%2Fv2%2Fcategories&post=17428"},{"taxonomy":"post_tag","embeddable":true,"href":"https:\/\/www.lodelmomentoloja.com\/index.php?rest_route=%2Fwp%2Fv2%2Ftags&post=17428"}],"curies":[{"name":"wp","href":"https:\/\/api.w.org\/{rel}","templated":true}]}}