{"id":174,"date":"2020-11-05T07:30:07","date_gmt":"2020-11-05T07:30:07","guid":{"rendered":"http:\/\/www.lodelmomentoloja.com\/?p=174"},"modified":"2020-11-10T00:40:18","modified_gmt":"2020-11-10T00:40:18","slug":"pregon-de-fiestas-de-loja-por-el-bicentenario","status":"publish","type":"post","link":"https:\/\/www.lodelmomentoloja.com\/?p=174","title":{"rendered":"Preg\u00f3n de fiestas de Loja por el Bicentenario."},"content":{"rendered":"\n<figure class=\"wp-block-image\"><img decoding=\"async\" src=\"https:\/\/scontent.floh1-1.fna.fbcdn.net\/v\/t1.0-9\/123918637_845268852909873_161239427818412625_o.jpg?_nc_cat=103&amp;ccb=2&amp;_nc_sid=730e14&amp;_nc_ohc=YO4RjVNftN8AX8-qVLZ&amp;_nc_ht=scontent.floh1-1.fna&amp;oh=364c48b8482c86a422817fd38fd200d7&amp;oe=5FD024BF\" alt=\"\"\/><\/figure>\n\n\n\n<p>Con el preg\u00f3n de fiestas inician las actividades por el Bicentenario de independencia de Loja, dicho evento se llevar\u00e1 a cabo el viernes 6 de noviembre, a las 8:00, en la plaza de San Sebasti\u00e1n. Con total de 49 actividades c\u00edvicas y culturales se desarrollar\u00e1n para recordar el Bicentenario, Festival de Artes Vivas y Fundaci\u00f3n de Loja, por tal motivo la programaci\u00f3n se extiende hasta el 8 de diciembre.<\/p>\n\n\n\n<p>Luego del preg\u00f3n, el mismo 6 de noviembre, a las 10:00, se presentar\u00e1 la agenda del Festival de Artes Vivas en el Teatro Benjam\u00edn Carri\u00f3n y a las 17:30 la agenda del Bicentenario, en el Teatro Bol\u00edvar.<\/p>\n\n\n\n<p>Por el tema del quinto Festival Internacional de Artes Vivas se ha armado una agenda conjunta con el Ministerio de Cultura y Patrimonio, \u201cpor primea vez habr\u00e1 una solo agenda cultural, sin dividir el festival en In y Of\u201d, se\u00f1al\u00f3 Mar\u00eda Alejandra Luzuriaga, Directora de Comunicaci\u00f3n del Municipio de Loja.<\/p>\n\n\n\n<p>La agenda cultural se difundir\u00e1 por las redes sociales con el prop\u00f3sito que la ciudadan\u00eda revise los eventos a los que desea asistir. Todo se transmitir\u00e1 por Canal Sur, Radio Municipal y las redes sociales de la instituci\u00f3n.<\/p>\n\n\n\n<p>A decir de la directora de Comunicaci\u00f3n en los eventos con presencia de p\u00fablico se permitir\u00e1 el 30% de aforo, \u201clo importante es no olvidar que la emergencia sanitaria contin\u00faa y se debe cumplir el distanciamiento, uso de mascarilla y alcohol\u201d, destac\u00f3 la funcionaria. <\/p>\n","protected":false},"excerpt":{"rendered":"<p>Con el preg\u00f3n de fiestas inician las actividades por el Bicentenario de independencia de Loja,&#8230;<\/p>\n","protected":false},"author":1,"featured_media":175,"comment_status":"open","ping_status":"open","sticky":false,"template":"","format":"standard","meta":{"footnotes":""},"categories":[1,5],"tags":[],"class_list":["post-174","post","type-post","status-publish","format-standard","has-post-thumbnail","hentry","category-inicio","category-loja"],"_links":{"self":[{"href":"https:\/\/www.lodelmomentoloja.com\/index.php?rest_route=\/wp\/v2\/posts\/174"}],"collection":[{"href":"https:\/\/www.lodelmomentoloja.com\/index.php?rest_route=\/wp\/v2\/posts"}],"about":[{"href":"https:\/\/www.lodelmomentoloja.com\/index.php?rest_route=\/wp\/v2\/types\/post"}],"author":[{"embeddable":true,"href":"https:\/\/www.lodelmomentoloja.com\/index.php?rest_route=\/wp\/v2\/users\/1"}],"replies":[{"embeddable":true,"href":"https:\/\/www.lodelmomentoloja.com\/index.php?rest_route=%2Fwp%2Fv2%2Fcomments&post=174"}],"version-history":[{"count":1,"href":"https:\/\/www.lodelmomentoloja.com\/index.php?rest_route=\/wp\/v2\/posts\/174\/revisions"}],"predecessor-version":[{"id":176,"href":"https:\/\/www.lodelmomentoloja.com\/index.php?rest_route=\/wp\/v2\/posts\/174\/revisions\/176"}],"wp:featuredmedia":[{"embeddable":true,"href":"https:\/\/www.lodelmomentoloja.com\/index.php?rest_route=\/wp\/v2\/media\/175"}],"wp:attachment":[{"href":"https:\/\/www.lodelmomentoloja.com\/index.php?rest_route=%2Fwp%2Fv2%2Fmedia&parent=174"}],"wp:term":[{"taxonomy":"category","embeddable":true,"href":"https:\/\/www.lodelmomentoloja.com\/index.php?rest_route=%2Fwp%2Fv2%2Fcategories&post=174"},{"taxonomy":"post_tag","embeddable":true,"href":"https:\/\/www.lodelmomentoloja.com\/index.php?rest_route=%2Fwp%2Fv2%2Ftags&post=174"}],"curies":[{"name":"wp","href":"https:\/\/api.w.org\/{rel}","templated":true}]}}