{"id":17397,"date":"2023-08-21T09:00:26","date_gmt":"2023-08-21T09:00:26","guid":{"rendered":"https:\/\/www.lodelmomentoloja.com\/?p=17397"},"modified":"2023-08-21T15:08:06","modified_gmt":"2023-08-21T15:08:06","slug":"gente-buena-pone-fin-a-la-acuerdo-con-construye-25","status":"publish","type":"post","link":"https:\/\/www.lodelmomentoloja.com\/?p=17397","title":{"rendered":"Gente Buena pone fin al acuerdo con Construye 25."},"content":{"rendered":"<p>El movimiento ciudadano que respaldaba al excandidato presidencial Fernando Villavicencio qui\u00e9n fue asesinado hace varios d\u00edas mientras estaba en campa\u00f1a, la noche de ayer anunci\u00f3 su ruptura con Construye 25 con qui\u00e9n manten\u00edan una alianza en apoyo al candidato, esta ruptura la anuncia el vicepresidente Edwin Ortega, luego de los resultados de las elecciones 2023.<\/p>\n<blockquote class=\"twitter-tweet\" data-width=\"550\" data-dnt=\"true\">\n<p lang=\"es\" dir=\"ltr\">Comunicado al pa\u00eds.<a href=\"https:\/\/twitter.com\/BatallonEC?ref_src=twsrc%5Etfw\">@BatallonEc<\/a> <a href=\"https:\/\/twitter.com\/GenteBuenaOf?ref_src=twsrc%5Etfw\">@GenteBuenaOf<\/a> <a href=\"https:\/\/twitter.com\/kimontare?ref_src=twsrc%5Etfw\">@kimontare<\/a> <a href=\"https:\/\/t.co\/6dXLfJA7WD\">pic.twitter.com\/6dXLfJA7WD<\/a><\/p>\n<p>&mdash; Cap. Edwin Ortega S. (@EdwinOrtegaS) <a href=\"https:\/\/twitter.com\/EdwinOrtegaS\/status\/1693438443492081969?ref_src=twsrc%5Etfw\">August 21, 2023<\/a><\/p><\/blockquote>\n<p><script async src=\"https:\/\/platform.twitter.com\/widgets.js\" charset=\"utf-8\"><\/script><\/p>\n<p>Adem\u00e1s, entre el comunicado publicado por uno de sus integrantes del Bur\u00f3 de Gente Buena, las felicitaciones a los legisladores electos en las urnas, agradecieron a los militantes y ciudadanos que respaldaron la candidatura, dejando a Christian Zurita con un tercer lugar en la primera vuelta presidencial con un 16,51 de los votos hasta luego de haberse escrutado m\u00e1s del 92% del porcentaje de sufragantes.<\/p>\n<p>&nbsp;<\/p>\n<p><em>S\u00edguenos #LDMnoticias \u00f3 #lodelmomentolojaLDM<\/em><\/p>\n","protected":false},"excerpt":{"rendered":"<p>El movimiento ciudadano que respaldaba al excandidato presidencial Fernando Villavicencio qui\u00e9n fue asesinado hace varios&#8230;<\/p>\n","protected":false},"author":1,"featured_media":17398,"comment_status":"open","ping_status":"open","sticky":false,"template":"","format":"standard","meta":{"footnotes":""},"categories":[7,1],"tags":[],"class_list":["post-17397","post","type-post","status-publish","format-standard","has-post-thumbnail","hentry","category-ecuador","category-inicio"],"_links":{"self":[{"href":"https:\/\/www.lodelmomentoloja.com\/index.php?rest_route=\/wp\/v2\/posts\/17397"}],"collection":[{"href":"https:\/\/www.lodelmomentoloja.com\/index.php?rest_route=\/wp\/v2\/posts"}],"about":[{"href":"https:\/\/www.lodelmomentoloja.com\/index.php?rest_route=\/wp\/v2\/types\/post"}],"author":[{"embeddable":true,"href":"https:\/\/www.lodelmomentoloja.com\/index.php?rest_route=\/wp\/v2\/users\/1"}],"replies":[{"embeddable":true,"href":"https:\/\/www.lodelmomentoloja.com\/index.php?rest_route=%2Fwp%2Fv2%2Fcomments&post=17397"}],"version-history":[{"count":2,"href":"https:\/\/www.lodelmomentoloja.com\/index.php?rest_route=\/wp\/v2\/posts\/17397\/revisions"}],"predecessor-version":[{"id":17400,"href":"https:\/\/www.lodelmomentoloja.com\/index.php?rest_route=\/wp\/v2\/posts\/17397\/revisions\/17400"}],"wp:featuredmedia":[{"embeddable":true,"href":"https:\/\/www.lodelmomentoloja.com\/index.php?rest_route=\/wp\/v2\/media\/17398"}],"wp:attachment":[{"href":"https:\/\/www.lodelmomentoloja.com\/index.php?rest_route=%2Fwp%2Fv2%2Fmedia&parent=17397"}],"wp:term":[{"taxonomy":"category","embeddable":true,"href":"https:\/\/www.lodelmomentoloja.com\/index.php?rest_route=%2Fwp%2Fv2%2Fcategories&post=17397"},{"taxonomy":"post_tag","embeddable":true,"href":"https:\/\/www.lodelmomentoloja.com\/index.php?rest_route=%2Fwp%2Fv2%2Ftags&post=17397"}],"curies":[{"name":"wp","href":"https:\/\/api.w.org\/{rel}","templated":true}]}}