{"id":17379,"date":"2023-08-18T13:05:03","date_gmt":"2023-08-18T13:05:03","guid":{"rendered":"https:\/\/www.lodelmomentoloja.com\/?p=17379"},"modified":"2023-08-18T18:06:33","modified_gmt":"2023-08-18T18:06:33","slug":"familia-de-villavicencio-denuncian-a-guillermo-lasso","status":"publish","type":"post","link":"https:\/\/www.lodelmomentoloja.com\/?p=17379","title":{"rendered":"Familia de Villavicencio (+) denuncian a Guillermo Lasso"},"content":{"rendered":"<p dir=\"ltr\">\ud83d\ude31\ud83d\udc4a\ud83c\udffb\ud83e\uddd1\ud83c\udffb\u200d\u2696\ufe0f \u00a1Buscan la verdad y la justicia! La familia del candidato Fernando Villavicencio (+) present\u00f3 una denuncia contra el presidente Guillermo Lasso por el delito de asesinato por omisi\u00f3n dolosa por parte de las autoridades ante el presidenciable,\u00a0 suscitado el pasado 09 de agosto en Quito. Adem\u00e1s aducen que no velaron por la vida de Villavicencio, pese a las amenazas en su contra.<\/p>\n<p dir=\"ltr\">\u201cLo dejaron al abandono, lo dejaron que se muera\u201d, dijo el jurista.<\/p>\n<p dir=\"ltr\">Entre los responsables de esta denuncia, est\u00e1n el presidente de la Rep\u00fablica, el Ministro del Interior, Juan Zapata, el Comandante General de la Polic\u00eda, Fausto Salinas, el director de Inteligencia de la Polic\u00eda, Manuel Samaniego, y el director del operativo de seguridad y protecci\u00f3n.<\/p>\n<p dir=\"ltr\">V\u00eda: Primicias.<\/p>\n<p dir=\"ltr\">www.lodelmomentoloja.com<br \/>\n#LDMnoticias#lodelmomentolojaLDM<\/p>\n","protected":false},"excerpt":{"rendered":"<p>\ud83d\ude31\ud83d\udc4a\ud83c\udffb\ud83e\uddd1\ud83c\udffb\u200d\u2696\ufe0f \u00a1Buscan la verdad y la justicia! La familia del candidato Fernando Villavicencio (+) present\u00f3&#8230;<\/p>\n","protected":false},"author":1,"featured_media":17380,"comment_status":"open","ping_status":"open","sticky":false,"template":"","format":"standard","meta":{"footnotes":""},"categories":[7,1],"tags":[],"class_list":["post-17379","post","type-post","status-publish","format-standard","has-post-thumbnail","hentry","category-ecuador","category-inicio"],"_links":{"self":[{"href":"https:\/\/www.lodelmomentoloja.com\/index.php?rest_route=\/wp\/v2\/posts\/17379"}],"collection":[{"href":"https:\/\/www.lodelmomentoloja.com\/index.php?rest_route=\/wp\/v2\/posts"}],"about":[{"href":"https:\/\/www.lodelmomentoloja.com\/index.php?rest_route=\/wp\/v2\/types\/post"}],"author":[{"embeddable":true,"href":"https:\/\/www.lodelmomentoloja.com\/index.php?rest_route=\/wp\/v2\/users\/1"}],"replies":[{"embeddable":true,"href":"https:\/\/www.lodelmomentoloja.com\/index.php?rest_route=%2Fwp%2Fv2%2Fcomments&post=17379"}],"version-history":[{"count":1,"href":"https:\/\/www.lodelmomentoloja.com\/index.php?rest_route=\/wp\/v2\/posts\/17379\/revisions"}],"predecessor-version":[{"id":17381,"href":"https:\/\/www.lodelmomentoloja.com\/index.php?rest_route=\/wp\/v2\/posts\/17379\/revisions\/17381"}],"wp:featuredmedia":[{"embeddable":true,"href":"https:\/\/www.lodelmomentoloja.com\/index.php?rest_route=\/wp\/v2\/media\/17380"}],"wp:attachment":[{"href":"https:\/\/www.lodelmomentoloja.com\/index.php?rest_route=%2Fwp%2Fv2%2Fmedia&parent=17379"}],"wp:term":[{"taxonomy":"category","embeddable":true,"href":"https:\/\/www.lodelmomentoloja.com\/index.php?rest_route=%2Fwp%2Fv2%2Fcategories&post=17379"},{"taxonomy":"post_tag","embeddable":true,"href":"https:\/\/www.lodelmomentoloja.com\/index.php?rest_route=%2Fwp%2Fv2%2Ftags&post=17379"}],"curies":[{"name":"wp","href":"https:\/\/api.w.org\/{rel}","templated":true}]}}