{"id":17366,"date":"2023-08-18T08:41:13","date_gmt":"2023-08-18T08:41:13","guid":{"rendered":"https:\/\/www.lodelmomentoloja.com\/?p=17366"},"modified":"2023-08-18T13:42:49","modified_gmt":"2023-08-18T13:42:49","slug":"grupos-de-baile-de-utpl-participan-en-francia-y-suiza","status":"publish","type":"post","link":"https:\/\/www.lodelmomentoloja.com\/?p=17366","title":{"rendered":"Grupos de baile de UTPL, participan en Francia y Suiza"},"content":{"rendered":"<p>Por tercera ocasi\u00f3n, la UTPL es invitada a participar del Festival Cultures Aux Coeurs Francia 2023, y lleva consigo la riqueza cultural del Ecuador, adem\u00e1s de destacar la importancia de que se impulse el arte y la formaci\u00f3n integral de los estudiantes.<\/p>\n<p>La Universidad T\u00e9cnica Particular de Loja (UTPL), a trav\u00e9s de su Grupo de Danza Folcl\u00f3rica Jahua \u00d1an y el Grupo de M\u00fasica Folcl\u00f3rica Ukumary, participa en el Festival Cultures Aux Coeurs Francia 2023, un importante evento desarrollado por el Consejo Internacional de Organizaciones de Festivales de Folclore y Artes Tradicionales (CIOFF). El festival se est\u00e1 desarrollando del 15 de julio al 31 de agosto de este a\u00f1o.<\/p>\n<p>Desde su creaci\u00f3n, hace 50 a\u00f1os, este Consejo re\u00fane a los organizadores de m\u00e1s de treinta festivales, grupos, asociaciones e instituciones que trabajan en beneficio de la promoci\u00f3n y difusi\u00f3n de las culturas populares. Por tercera ocasi\u00f3n, la UTPL es invitada a participar del Festival Cultures Aux Coeurs y lleva consigo la cultura ecuatoriana a otros lugares del mundo para promover el entendimiento y el respeto de la diversidad.<\/p>\n<p>Glenda Morocho Ord\u00f3\u00f1ez, directora del Grupo de Danza Folcl\u00f3rica Jahua \u00d1an de la UTPL, manifiesta que este evento es una gran oportunidad para exponer el talento de los estudiantes en escenarios internacionales, ya que, como parte de la agenda, realizan presentaciones en diferentes espacios e imparten talleres formativos a ni\u00f1os, adultos mayores y p\u00fablico en general que se suma a las fiestas del folklore en Europa.<\/p>\n<p>\u201cGracias a nuestra destacada participaci\u00f3n en ediciones pasadas, nos han considerado nuevamente para formar parte de este Festival 2023; incluso, los organizadores nos han brindado la oportunidad de intervenir, por primera vez, en el Festival Folklorique International du Velay (INTERFOLK), el cual est\u00e1 dentro de la agenda general, pero al que, en ocasiones anteriores, no hemos asistido. Nos enorgullece participar de este evento porque logramos difundir nuestra cultura ecuatoriana y as\u00ed valorar lo que tenemos\u201d, se\u00f1ala Glenda Morocho.<\/p>\n<p>Como parte de la agenda de actividades, los grupos Jahua \u00d1an y Ukumary viajaron a Suiza para realizar presentaciones art\u00edsticas, donde tambi\u00e9n pudieron compartir experiencias con las delegaciones de otros pa\u00edses.<\/p>\n<p>La participaci\u00f3n de estos dos grupos en Francia y Suiza es solo una muestra de las numerosas oportunidades que la UTPL ofrece a sus alumnos para que puedan crecer y desarrollarse en diferentes aspectos de la vida. A trav\u00e9s de programas y actividades extracurriculares, la universidad busca impulsar la educaci\u00f3n integral, formando no solo profesionales competentes, sino ciudadanos comprometidos con su entorno y apasionados por el arte y la cultura.<\/p>\n<p>Dato<\/p>\n<p>Los invitamos a conocer m\u00e1s de los grupos art\u00edsticos de la UTPL, ingresando a utpl.edu.ec\/cultura<\/p>\n<p>www.lodelmomentoloja.com<\/p>\n<p>#LDMnoticias #lodelmomentolojaLDM<\/p>\n","protected":false},"excerpt":{"rendered":"<p>Por tercera ocasi\u00f3n, la UTPL es invitada a participar del Festival Cultures Aux Coeurs Francia&#8230;<\/p>\n","protected":false},"author":1,"featured_media":17367,"comment_status":"open","ping_status":"open","sticky":false,"template":"","format":"standard","meta":{"footnotes":""},"categories":[7,1,4,5],"tags":[],"class_list":["post-17366","post","type-post","status-publish","format-standard","has-post-thumbnail","hentry","category-ecuador","category-inicio","category-internacional","category-loja"],"_links":{"self":[{"href":"https:\/\/www.lodelmomentoloja.com\/index.php?rest_route=\/wp\/v2\/posts\/17366"}],"collection":[{"href":"https:\/\/www.lodelmomentoloja.com\/index.php?rest_route=\/wp\/v2\/posts"}],"about":[{"href":"https:\/\/www.lodelmomentoloja.com\/index.php?rest_route=\/wp\/v2\/types\/post"}],"author":[{"embeddable":true,"href":"https:\/\/www.lodelmomentoloja.com\/index.php?rest_route=\/wp\/v2\/users\/1"}],"replies":[{"embeddable":true,"href":"https:\/\/www.lodelmomentoloja.com\/index.php?rest_route=%2Fwp%2Fv2%2Fcomments&post=17366"}],"version-history":[{"count":1,"href":"https:\/\/www.lodelmomentoloja.com\/index.php?rest_route=\/wp\/v2\/posts\/17366\/revisions"}],"predecessor-version":[{"id":17368,"href":"https:\/\/www.lodelmomentoloja.com\/index.php?rest_route=\/wp\/v2\/posts\/17366\/revisions\/17368"}],"wp:featuredmedia":[{"embeddable":true,"href":"https:\/\/www.lodelmomentoloja.com\/index.php?rest_route=\/wp\/v2\/media\/17367"}],"wp:attachment":[{"href":"https:\/\/www.lodelmomentoloja.com\/index.php?rest_route=%2Fwp%2Fv2%2Fmedia&parent=17366"}],"wp:term":[{"taxonomy":"category","embeddable":true,"href":"https:\/\/www.lodelmomentoloja.com\/index.php?rest_route=%2Fwp%2Fv2%2Fcategories&post=17366"},{"taxonomy":"post_tag","embeddable":true,"href":"https:\/\/www.lodelmomentoloja.com\/index.php?rest_route=%2Fwp%2Fv2%2Ftags&post=17366"}],"curies":[{"name":"wp","href":"https:\/\/api.w.org\/{rel}","templated":true}]}}