{"id":17318,"date":"2023-08-16T08:30:16","date_gmt":"2023-08-16T08:30:16","guid":{"rendered":"https:\/\/www.lodelmomentoloja.com\/?p=17318"},"modified":"2023-08-16T13:54:50","modified_gmt":"2023-08-16T13:54:50","slug":"revolucion-ciudadana-objeta-candidatura-de-zurita","status":"publish","type":"post","link":"https:\/\/www.lodelmomentoloja.com\/?p=17318","title":{"rendered":"Revoluci\u00f3n Ciudadana objeta candidatura de Zurita"},"content":{"rendered":"<p>La directora del Movimiento Revoluci\u00f3n Ciudadana, Marcela Agui\u00f1aga, ha objetado la candidatura presidencial del periodista Christian Zurita, en reemplazo del 4s3s!nad0 Fernando Villavicencio, aduciendo que Zurita est\u00e1 afiliado a una organizaci\u00f3n pol\u00edtica distinta del movimiento Construye, y que no se ha desafiliado de la misma 90 d\u00edas antes, como manda la ley, ni ha presentado una autorizaci\u00f3n del movimiento al que est\u00e1 supuestamente afiliado.<\/p>\n<p>Agui\u00f1aga no ha presentado pruebas de que Zurita est\u00e9 afiliado a otro movimiento, ni identifica cu\u00e1l es ese partido o movimiento, pero alega que sus dichos pueden comprobarse de una simple revisi\u00f3n de los archivos inform\u00e1ticos del Consejo Nacional Electoral.<\/p>\n<p>La objeci\u00f3n a la candidatura de Zurita ha sido presentada a las 22h45, del martes 15 de agosto de 2023, una hora antes de que venza el plazo de 48 horas previstas para presentar objeciones.<\/p>\n<p><img loading=\"lazy\" decoding=\"async\" class=\"alignnone size-medium wp-image-17320\" src=\"http:\/\/www.lodelmomentoloja.com\/wp-content\/uploads\/2023\/08\/20230816_084628-206x300.jpg\" alt=\"\" width=\"206\" height=\"300\" srcset=\"https:\/\/www.lodelmomentoloja.com\/wp-content\/uploads\/2023\/08\/20230816_084628-206x300.jpg 206w, https:\/\/www.lodelmomentoloja.com\/wp-content\/uploads\/2023\/08\/20230816_084628-705x1024.jpg 705w, https:\/\/www.lodelmomentoloja.com\/wp-content\/uploads\/2023\/08\/20230816_084628-768x1116.jpg 768w, https:\/\/www.lodelmomentoloja.com\/wp-content\/uploads\/2023\/08\/20230816_084628-640x930.jpg 640w, https:\/\/www.lodelmomentoloja.com\/wp-content\/uploads\/2023\/08\/20230816_084628-1057x1536.jpg 1057w, https:\/\/www.lodelmomentoloja.com\/wp-content\/uploads\/2023\/08\/20230816_084628-1024x1488.jpg 1024w, https:\/\/www.lodelmomentoloja.com\/wp-content\/uploads\/2023\/08\/20230816_084628.jpg 1101w\" sizes=\"(max-width: 206px) 100vw, 206px\" \/> <img loading=\"lazy\" decoding=\"async\" class=\"alignnone size-medium wp-image-17321\" src=\"http:\/\/www.lodelmomentoloja.com\/wp-content\/uploads\/2023\/08\/20230816_084630-200x300.jpg\" alt=\"\" width=\"200\" height=\"300\" srcset=\"https:\/\/www.lodelmomentoloja.com\/wp-content\/uploads\/2023\/08\/20230816_084630-200x300.jpg 200w, https:\/\/www.lodelmomentoloja.com\/wp-content\/uploads\/2023\/08\/20230816_084630-683x1024.jpg 683w, https:\/\/www.lodelmomentoloja.com\/wp-content\/uploads\/2023\/08\/20230816_084630-768x1152.jpg 768w, https:\/\/www.lodelmomentoloja.com\/wp-content\/uploads\/2023\/08\/20230816_084630-640x960.jpg 640w, https:\/\/www.lodelmomentoloja.com\/wp-content\/uploads\/2023\/08\/20230816_084630-1024x1536.jpg 1024w, https:\/\/www.lodelmomentoloja.com\/wp-content\/uploads\/2023\/08\/20230816_084630.jpg 1067w\" sizes=\"(max-width: 200px) 100vw, 200px\" \/><\/p>\n<p>Fuente: Radio Din\u00e1mica Ec.<\/p>\n<p>www.lodelmomentoloja.com<\/p>\n<p>#LDMnoticias #lodelmomentolojaLDM<\/p>\n","protected":false},"excerpt":{"rendered":"<p>La directora del Movimiento Revoluci\u00f3n Ciudadana, Marcela Agui\u00f1aga, ha objetado la candidatura presidencial del periodista&#8230;<\/p>\n","protected":false},"author":1,"featured_media":17319,"comment_status":"open","ping_status":"open","sticky":false,"template":"","format":"standard","meta":{"footnotes":""},"categories":[7,1],"tags":[],"class_list":["post-17318","post","type-post","status-publish","format-standard","has-post-thumbnail","hentry","category-ecuador","category-inicio"],"_links":{"self":[{"href":"https:\/\/www.lodelmomentoloja.com\/index.php?rest_route=\/wp\/v2\/posts\/17318"}],"collection":[{"href":"https:\/\/www.lodelmomentoloja.com\/index.php?rest_route=\/wp\/v2\/posts"}],"about":[{"href":"https:\/\/www.lodelmomentoloja.com\/index.php?rest_route=\/wp\/v2\/types\/post"}],"author":[{"embeddable":true,"href":"https:\/\/www.lodelmomentoloja.com\/index.php?rest_route=\/wp\/v2\/users\/1"}],"replies":[{"embeddable":true,"href":"https:\/\/www.lodelmomentoloja.com\/index.php?rest_route=%2Fwp%2Fv2%2Fcomments&post=17318"}],"version-history":[{"count":1,"href":"https:\/\/www.lodelmomentoloja.com\/index.php?rest_route=\/wp\/v2\/posts\/17318\/revisions"}],"predecessor-version":[{"id":17322,"href":"https:\/\/www.lodelmomentoloja.com\/index.php?rest_route=\/wp\/v2\/posts\/17318\/revisions\/17322"}],"wp:featuredmedia":[{"embeddable":true,"href":"https:\/\/www.lodelmomentoloja.com\/index.php?rest_route=\/wp\/v2\/media\/17319"}],"wp:attachment":[{"href":"https:\/\/www.lodelmomentoloja.com\/index.php?rest_route=%2Fwp%2Fv2%2Fmedia&parent=17318"}],"wp:term":[{"taxonomy":"category","embeddable":true,"href":"https:\/\/www.lodelmomentoloja.com\/index.php?rest_route=%2Fwp%2Fv2%2Fcategories&post=17318"},{"taxonomy":"post_tag","embeddable":true,"href":"https:\/\/www.lodelmomentoloja.com\/index.php?rest_route=%2Fwp%2Fv2%2Ftags&post=17318"}],"curies":[{"name":"wp","href":"https:\/\/api.w.org\/{rel}","templated":true}]}}