{"id":17230,"date":"2023-08-10T10:31:12","date_gmt":"2023-08-10T10:31:12","guid":{"rendered":"https:\/\/www.lodelmomentoloja.com\/?p=17230"},"modified":"2023-08-10T15:32:10","modified_gmt":"2023-08-10T15:32:10","slug":"decreto-841-estado-de-excepcion-en-ecuador","status":"publish","type":"post","link":"https:\/\/www.lodelmomentoloja.com\/?p=17230","title":{"rendered":"Decreto 841, estado de excepci\u00f3n en Ecuador"},"content":{"rendered":"<p>El nuevo decreto no incluye estado de excepci\u00f3n.<\/p>\n<p>La madrugada de hoy 10 de agosto 2023, el Gobierno del presidente Guillermo Lasso firm\u00f3 un nuevo estado de excepci\u00f3n por grave conmoci\u00f3n interna por el suceso generado el d\u00eda de ayer contra el candidato presidencial Fernando Villavicencio, qui\u00e9n muri\u00f3 a manos delincuentes por disparos.<\/p>\n<p>Este estado de excepci\u00f3n estar\u00e1 vigente por 60 d\u00edas y contempla las siguientes medidas:<\/p>\n<p>&#8211; Movilizaci\u00f3n en todo el territorio de Fuerzas Armadas para apoyar a la Polic\u00eda en seguridad.<br \/>\n&#8211; La Polic\u00eda y Fuerzas Armadas quedan autorizados para hacer uso leg\u00edtimo y excepcional de la fuerza en contextos de control de orden p\u00fablico, protecci\u00f3n interna y seguridad ciudadana.<br \/>\n&#8211; Limitar en todo el pa\u00eds el derecho a la libertad de reuni\u00f3n, en estricta relaci\u00f3n con los motivos del estado de excepci\u00f3n.<br \/>\n&#8211; La fuerza p\u00fablica queda facultada para impedir y desarticular reuniones en espacios p\u00fablicos donde se identifiquen posibles amenazas al orden p\u00fablico y seguridad ciudadana.<br \/>\n&#8211; Suspender el derecho a la inviolabilidad de domicilio.<br \/>\n&#8211; Suspender el derecho a la inviolabilidad de correspondencia.<br \/>\n&#8211; La Polic\u00eda podr\u00e1 hacer las requisiciones necesarias.<br \/>\n&#8211; En el marco de sus competencias, los gobiernos locales deber\u00e1n apoyar y coordinar acciones para garantizar la seguridad ciudadana.<\/p>\n<p>Fuente: Primicias<\/p>\n<p>S\u00edguenos #LDMnoticias #lodelmomentolojaLDM<\/p>\n","protected":false},"excerpt":{"rendered":"<p>El nuevo decreto no incluye estado de excepci\u00f3n. La madrugada de hoy 10 de agosto&#8230;<\/p>\n","protected":false},"author":1,"featured_media":17231,"comment_status":"open","ping_status":"open","sticky":false,"template":"","format":"standard","meta":{"footnotes":""},"categories":[7,1,5],"tags":[],"class_list":["post-17230","post","type-post","status-publish","format-standard","has-post-thumbnail","hentry","category-ecuador","category-inicio","category-loja"],"_links":{"self":[{"href":"https:\/\/www.lodelmomentoloja.com\/index.php?rest_route=\/wp\/v2\/posts\/17230"}],"collection":[{"href":"https:\/\/www.lodelmomentoloja.com\/index.php?rest_route=\/wp\/v2\/posts"}],"about":[{"href":"https:\/\/www.lodelmomentoloja.com\/index.php?rest_route=\/wp\/v2\/types\/post"}],"author":[{"embeddable":true,"href":"https:\/\/www.lodelmomentoloja.com\/index.php?rest_route=\/wp\/v2\/users\/1"}],"replies":[{"embeddable":true,"href":"https:\/\/www.lodelmomentoloja.com\/index.php?rest_route=%2Fwp%2Fv2%2Fcomments&post=17230"}],"version-history":[{"count":1,"href":"https:\/\/www.lodelmomentoloja.com\/index.php?rest_route=\/wp\/v2\/posts\/17230\/revisions"}],"predecessor-version":[{"id":17232,"href":"https:\/\/www.lodelmomentoloja.com\/index.php?rest_route=\/wp\/v2\/posts\/17230\/revisions\/17232"}],"wp:featuredmedia":[{"embeddable":true,"href":"https:\/\/www.lodelmomentoloja.com\/index.php?rest_route=\/wp\/v2\/media\/17231"}],"wp:attachment":[{"href":"https:\/\/www.lodelmomentoloja.com\/index.php?rest_route=%2Fwp%2Fv2%2Fmedia&parent=17230"}],"wp:term":[{"taxonomy":"category","embeddable":true,"href":"https:\/\/www.lodelmomentoloja.com\/index.php?rest_route=%2Fwp%2Fv2%2Fcategories&post=17230"},{"taxonomy":"post_tag","embeddable":true,"href":"https:\/\/www.lodelmomentoloja.com\/index.php?rest_route=%2Fwp%2Fv2%2Ftags&post=17230"}],"curies":[{"name":"wp","href":"https:\/\/api.w.org\/{rel}","templated":true}]}}