{"id":17197,"date":"2023-08-09T12:40:08","date_gmt":"2023-08-09T12:40:08","guid":{"rendered":"https:\/\/www.lodelmomentoloja.com\/?p=17197"},"modified":"2023-08-09T18:13:22","modified_gmt":"2023-08-09T18:13:22","slug":"apoyo-a-candidata-luisa-gonzalez-en-loja","status":"publish","type":"post","link":"https:\/\/www.lodelmomentoloja.com\/?p=17197","title":{"rendered":"Apoyo a candidata Luisa Gonz\u00e1lez en Loja"},"content":{"rendered":"<p>\ud83c\udfa8\ud83d\udc68\ud83c\udffb\u200d\ud83c\udfa8\ud83d\udc4f\ud83c\udffb \u00a1Iniciativa de BJG! El brazo pol\u00edtico Brigadas Jorge Glas (BJG) de base de la Revoluci\u00f3n Ciudadana y liderado con Alicia Jaramillo, hacen p\u00fablica una pintura donde plasma la figura de la candidata presidencial del corre\u00edsmo Luisa Gonz\u00e1lez ubicada en la ciudad de Loja.<\/p>\n<blockquote class=\"twitter-tweet\" data-width=\"550\" data-dnt=\"true\">\n<p lang=\"es\" dir=\"ltr\">Un muro lleno de esperanza, trabajo para todos, un sue\u00f1o pintado con alegr\u00eda con nuestra \u201cBrigada Nacional Jorge Glas Loja\u201d junto al Maestro Artista Lojano Gabriel Villalta, que tiene el poder en sus manos\ud83e\udd29 <a href=\"https:\/\/twitter.com\/LuisaGonzalezEc?ref_src=twsrc%5Etfw\">@LuisaGonzalezEc<\/a> ser\u00e1 la Presidenta de Ecuador <a href=\"https:\/\/twitter.com\/MashiRafael?ref_src=twsrc%5Etfw\">@MashiRafael<\/a> <a href=\"https:\/\/twitter.com\/JorgeGlas?ref_src=twsrc%5Etfw\">@JorgeGlas<\/a> <a href=\"https:\/\/t.co\/9I5Wt2OKFu\">pic.twitter.com\/9I5Wt2OKFu<\/a><\/p>\n<p>&mdash; AliciaesLoja (@AliciaesLoja) <a href=\"https:\/\/twitter.com\/AliciaesLoja\/status\/1689287812548358144?ref_src=twsrc%5Etfw\">August 9, 2023<\/a><\/p><\/blockquote>\n<p><script async src=\"https:\/\/platform.twitter.com\/widgets.js\" charset=\"utf-8\"><\/script><\/p>\n<p>Este contenido ha generado la empat\u00eda en el mismo l\u00edder de la agrupaci\u00f3n, Rafael Correa que lo ha posteado en su red social Twitter, acci\u00f3n que tambi\u00e9n es seguida por varias figuras y militantes adeptos a ese partido pol\u00edtico.<\/p>\n<p>&nbsp;<\/p>\n<p><img loading=\"lazy\" decoding=\"async\" class=\"alignnone wp-image-17198 size-large\" src=\"http:\/\/www.lodelmomentoloja.com\/wp-content\/uploads\/2023\/08\/IMG-20230809-WA0060-905x1024.jpg\" alt=\"\" width=\"640\" height=\"724\" srcset=\"https:\/\/www.lodelmomentoloja.com\/wp-content\/uploads\/2023\/08\/IMG-20230809-WA0060-905x1024.jpg 905w, https:\/\/www.lodelmomentoloja.com\/wp-content\/uploads\/2023\/08\/IMG-20230809-WA0060-265x300.jpg 265w, https:\/\/www.lodelmomentoloja.com\/wp-content\/uploads\/2023\/08\/IMG-20230809-WA0060-768x869.jpg 768w, https:\/\/www.lodelmomentoloja.com\/wp-content\/uploads\/2023\/08\/IMG-20230809-WA0060-640x724.jpg 640w, https:\/\/www.lodelmomentoloja.com\/wp-content\/uploads\/2023\/08\/IMG-20230809-WA0060-1024x1159.jpg 1024w, https:\/\/www.lodelmomentoloja.com\/wp-content\/uploads\/2023\/08\/IMG-20230809-WA0060.jpg 1080w\" sizes=\"(max-width: 640px) 100vw, 640px\" \/><\/p>\n<p>Por su parte, la candidata presidencial de RC5, Luisa Gonz\u00e1lez a trav\u00e9s de un twitt agradeci\u00f3 el trabajo art\u00edstico realizado en Loja, el cual denomin\u00f3 como el &#8216;el anhelo y la esperanza de todos los ecuatorianos.&#8217;<\/p>\n<blockquote class=\"twitter-tweet\" data-width=\"550\" data-dnt=\"true\">\n<p lang=\"es\" dir=\"ltr\">Muchas gracias Don Gabriel y a todos los que colaboraron en este hermoso mural que refleja el anhelo y la esperanza de TODOS los ecuatorianos.<\/p>\n<p>Vamos con fuerza, levantaremos al Ecuador y lo haremos un pa\u00eds SEGURO, PR\u00d3SPERO, CON TRABAJO, SALUD, EDUCACI\u00d3N un Ecuador de Bienestar. <a href=\"https:\/\/t.co\/JAhj9i8pVK\">https:\/\/t.co\/JAhj9i8pVK<\/a><\/p>\n<p>&mdash; Luisa Gonz\u00e1lez (@LuisaGonzalezEc) <a href=\"https:\/\/twitter.com\/LuisaGonzalezEc\/status\/1689326871723352076?ref_src=twsrc%5Etfw\">August 9, 2023<\/a><\/p><\/blockquote>\n<p><script async src=\"https:\/\/platform.twitter.com\/widgets.js\" charset=\"utf-8\"><\/script><\/p>\n<p>Gonz\u00e1lez finaliza el post mencionando lo siguiente &#8220;Levantaremos al Ecuador y lo haremos un pa\u00eds seguro, pr\u00f3spero, con trabajo, salud y educaci\u00f3n&#8221;.<\/p>\n<p>S\u00edguenos #LDMnoticias \u00f3 #lodelmomentolojaLDM<\/p>\n","protected":false},"excerpt":{"rendered":"<p>\ud83c\udfa8\ud83d\udc68\ud83c\udffb\u200d\ud83c\udfa8\ud83d\udc4f\ud83c\udffb \u00a1Iniciativa de BJG! El brazo pol\u00edtico Brigadas Jorge Glas (BJG) de base de la&#8230;<\/p>\n","protected":false},"author":1,"featured_media":17200,"comment_status":"open","ping_status":"open","sticky":false,"template":"","format":"standard","meta":{"footnotes":""},"categories":[7,1,5],"tags":[],"class_list":["post-17197","post","type-post","status-publish","format-standard","has-post-thumbnail","hentry","category-ecuador","category-inicio","category-loja"],"_links":{"self":[{"href":"https:\/\/www.lodelmomentoloja.com\/index.php?rest_route=\/wp\/v2\/posts\/17197"}],"collection":[{"href":"https:\/\/www.lodelmomentoloja.com\/index.php?rest_route=\/wp\/v2\/posts"}],"about":[{"href":"https:\/\/www.lodelmomentoloja.com\/index.php?rest_route=\/wp\/v2\/types\/post"}],"author":[{"embeddable":true,"href":"https:\/\/www.lodelmomentoloja.com\/index.php?rest_route=\/wp\/v2\/users\/1"}],"replies":[{"embeddable":true,"href":"https:\/\/www.lodelmomentoloja.com\/index.php?rest_route=%2Fwp%2Fv2%2Fcomments&post=17197"}],"version-history":[{"count":3,"href":"https:\/\/www.lodelmomentoloja.com\/index.php?rest_route=\/wp\/v2\/posts\/17197\/revisions"}],"predecessor-version":[{"id":17204,"href":"https:\/\/www.lodelmomentoloja.com\/index.php?rest_route=\/wp\/v2\/posts\/17197\/revisions\/17204"}],"wp:featuredmedia":[{"embeddable":true,"href":"https:\/\/www.lodelmomentoloja.com\/index.php?rest_route=\/wp\/v2\/media\/17200"}],"wp:attachment":[{"href":"https:\/\/www.lodelmomentoloja.com\/index.php?rest_route=%2Fwp%2Fv2%2Fmedia&parent=17197"}],"wp:term":[{"taxonomy":"category","embeddable":true,"href":"https:\/\/www.lodelmomentoloja.com\/index.php?rest_route=%2Fwp%2Fv2%2Fcategories&post=17197"},{"taxonomy":"post_tag","embeddable":true,"href":"https:\/\/www.lodelmomentoloja.com\/index.php?rest_route=%2Fwp%2Fv2%2Ftags&post=17197"}],"curies":[{"name":"wp","href":"https:\/\/api.w.org\/{rel}","templated":true}]}}