{"id":17185,"date":"2023-08-08T18:13:20","date_gmt":"2023-08-08T18:13:20","guid":{"rendered":"https:\/\/www.lodelmomentoloja.com\/?p=17185"},"modified":"2023-08-08T23:14:46","modified_gmt":"2023-08-08T23:14:46","slug":"caso-gabela-teoria-del-perito-sin-sustentos","status":"publish","type":"post","link":"https:\/\/www.lodelmomentoloja.com\/?p=17185","title":{"rendered":"Caso Gabela, teor\u00eda del perito sin sustentos."},"content":{"rendered":"<p dir=\"ltr\">El 3 de agosto de 2023, la Defensor\u00eda del Pueblo envi\u00f3 a la Corte Constitucional sus observaciones sobre el tercer informe reconstruido. El documento contiene cuatro observaciones metodol\u00f3gicas y 16 al contenido.<\/p>\n<p dir=\"ltr\">En cuanto al contenido, la Defensor\u00eda asegura que el \u201cinforme carece de un marco te\u00f3rico e hilo conductor\u201c.<\/p>\n<p dir=\"ltr\">En el tercer producto reconstruido por Meza se establecen dos hip\u00f3tesis -relacionadas con el mismo hecho- sobre el posible m\u00f3vil del asesinato de Gabela:<\/p>\n<p dir=\"ltr\">Por denuncias del General Gabela con relaci\u00f3n a presuntas irregularidades en un proceso de contrataci\u00f3n de compra de helic\u00f3pteros.<\/p>\n<p dir=\"ltr\">Los cuestionamientos p\u00fablicos sobre la idoneidad t\u00e9cnica de los helic\u00f3pteros Dhruv por parte del General Jorge Gabela Bueno. Sin embargo, seg\u00fan las observaciones de la Defensor\u00eda, estas hip\u00f3tesis deb\u00edan ser detalladas por el perito Meza con base a la teor\u00eda del delito.<\/p>\n<p dir=\"ltr\">La teor\u00eda del delito expuesta por Meza es que existen indicios suficientes para ubicar a Rodrigo Boh\u00f3rquez y a Alonso Espinosa, exgenerales de la FAE, con motivaciones personales y econ\u00f3micas claras para ser los posibles autores intelectuales del asesinato.<\/p>\n<p dir=\"ltr\">\u201cEste planteamiento no tiene sustento o mayor an\u00e1lisis t\u00e9cnico con relaci\u00f3n a las motivaciones personales-profesionales y econ\u00f3micas y que, adem\u00e1s, se expresen en un diagrama de relaciones\u201d, concluy\u00f3 la Defensor\u00eda.<\/p>\n<p dir=\"ltr\">En el informe reconstruido, Meza dice que alias \u2018Cojo\u2019, uno de los implicados en el crimen, dijo que alias \u2018Francis\u2019, se\u00f1alado como el autor material del asesinato, le dijo que un General de la FAE le pag\u00f3 por matar a Gabela.<\/p>\n<p dir=\"ltr\">Para confirmar esa versi\u00f3n, en 2013, \u2018Cojo\u2019 y otros implicados fueron sometidos al pol\u00edgrafo. Pero los resultados de esa prueba no aparecen. Por lo que, para la reconstrucci\u00f3n, Meza \u00fanicamente se bas\u00f3 en lo que recordaba.<\/p>\n<p dir=\"ltr\">La Defensor\u00eda considera que no es adecuado utilizar estos resultados de pol\u00edgrafo como una fuente de informaci\u00f3n. Y que para subsanar la p\u00e9rdida de estos registros, se pudo entrevistar a quienes participaron en el levantamiento de la informaci\u00f3n.<\/p>\n<p dir=\"ltr\">\ud83d\udc49\ud83c\udffc Fuente: Primicias.ec: https:\/\/www.primicias.ec\/noticias\/politica\/gabela-perito-meza-defensoria-informe-producto\/?utm_source=twitter&amp;utm_medium=social<\/p>\n<p dir=\"ltr\">www.lodelmomentoloja.com<br \/>\n#LDMnoticias #lodelmomentolojaLDM<\/p>\n","protected":false},"excerpt":{"rendered":"<p>El 3 de agosto de 2023, la Defensor\u00eda del Pueblo envi\u00f3 a la Corte Constitucional&#8230;<\/p>\n","protected":false},"author":1,"featured_media":17186,"comment_status":"open","ping_status":"open","sticky":false,"template":"","format":"standard","meta":{"footnotes":""},"categories":[7,1,5],"tags":[],"class_list":["post-17185","post","type-post","status-publish","format-standard","has-post-thumbnail","hentry","category-ecuador","category-inicio","category-loja"],"_links":{"self":[{"href":"https:\/\/www.lodelmomentoloja.com\/index.php?rest_route=\/wp\/v2\/posts\/17185"}],"collection":[{"href":"https:\/\/www.lodelmomentoloja.com\/index.php?rest_route=\/wp\/v2\/posts"}],"about":[{"href":"https:\/\/www.lodelmomentoloja.com\/index.php?rest_route=\/wp\/v2\/types\/post"}],"author":[{"embeddable":true,"href":"https:\/\/www.lodelmomentoloja.com\/index.php?rest_route=\/wp\/v2\/users\/1"}],"replies":[{"embeddable":true,"href":"https:\/\/www.lodelmomentoloja.com\/index.php?rest_route=%2Fwp%2Fv2%2Fcomments&post=17185"}],"version-history":[{"count":1,"href":"https:\/\/www.lodelmomentoloja.com\/index.php?rest_route=\/wp\/v2\/posts\/17185\/revisions"}],"predecessor-version":[{"id":17187,"href":"https:\/\/www.lodelmomentoloja.com\/index.php?rest_route=\/wp\/v2\/posts\/17185\/revisions\/17187"}],"wp:featuredmedia":[{"embeddable":true,"href":"https:\/\/www.lodelmomentoloja.com\/index.php?rest_route=\/wp\/v2\/media\/17186"}],"wp:attachment":[{"href":"https:\/\/www.lodelmomentoloja.com\/index.php?rest_route=%2Fwp%2Fv2%2Fmedia&parent=17185"}],"wp:term":[{"taxonomy":"category","embeddable":true,"href":"https:\/\/www.lodelmomentoloja.com\/index.php?rest_route=%2Fwp%2Fv2%2Fcategories&post=17185"},{"taxonomy":"post_tag","embeddable":true,"href":"https:\/\/www.lodelmomentoloja.com\/index.php?rest_route=%2Fwp%2Fv2%2Ftags&post=17185"}],"curies":[{"name":"wp","href":"https:\/\/api.w.org\/{rel}","templated":true}]}}