{"id":17173,"date":"2023-08-08T10:00:29","date_gmt":"2023-08-08T10:00:29","guid":{"rendered":"https:\/\/www.lodelmomentoloja.com\/?p=17173"},"modified":"2023-08-08T15:40:24","modified_gmt":"2023-08-08T15:40:24","slug":"nayib-bukele-reacciono-indignado-con-la-violencia-de-ecuador","status":"publish","type":"post","link":"https:\/\/www.lodelmomentoloja.com\/?p=17173","title":{"rendered":"Nayib Bukele reaccion\u00f3 indignado con la violencia de Ecuador."},"content":{"rendered":"<p>&nbsp;<\/p>\n<p>El mandatario del Salvador, Nayib Bukele, reaccion\u00f3 en sus redes sociales ante un hecho reciente de violencia que se gener\u00f3 al norte de la ciudad de Guayaquil, en Ecuador, donde un grupo de delincuentes que se movilizaban en moto, no solo <span class=\"css-901oao css-16my406 r-poiln3 r-bcqeeo r-qvutc0\">asaltan a un sujeto que iba con una ni\u00f1a menor de edad, el ciudadano fue atacado y hasta le propinaron un disparo en presencia de su hija peque\u00f1a. La infante grita con una desesperaci\u00f3n terrible y estremecedora al ser presente de este acto delincuencial.<\/span><\/p>\n<p><strong>REACCI\u00d3N DE BUKELE EN TWITTER.<\/strong><\/p>\n<blockquote class=\"twitter-tweet\" data-width=\"550\" data-dnt=\"true\">\n<p lang=\"es\" dir=\"ltr\">Muchos de los que dicen defender los \u201cderechos humanos\u201d, solo defienden los derechos de los delincuentes, pero no los derechos de este padre y su hija.<\/p>\n<p>\u00bfPor qu\u00e9? \u00bfCu\u00e1l es su verdadera intenci\u00f3n? \u00bfPara qui\u00e9n trabajan? \u00bfNo les hierve la sangre al ver esto? <a href=\"https:\/\/t.co\/zPhkoGyByR\">https:\/\/t.co\/zPhkoGyByR<\/a><\/p>\n<p>&mdash; Nayib Bukele (@nayibbukele) <a href=\"https:\/\/twitter.com\/nayibbukele\/status\/1688921388806221824?ref_src=twsrc%5Etfw\">August 8, 2023<\/a><\/p><\/blockquote>\n<p><script async src=\"https:\/\/platform.twitter.com\/widgets.js\" charset=\"utf-8\"><\/script><\/p>\n<p>Mientras tanto, Ecuador sigue siendo presa f\u00e1cil de la delincuencia que somete la libertad y la vida misma de los ciudadanos.<\/p>\n<p><em>S\u00edguenos #LDMnoticias \u00f3 #lodelmomentolojaLDM<\/em><\/p>\n","protected":false},"excerpt":{"rendered":"<p>&nbsp; El mandatario del Salvador, Nayib Bukele, reaccion\u00f3 en sus redes sociales ante un hecho&#8230;<\/p>\n","protected":false},"author":1,"featured_media":17174,"comment_status":"open","ping_status":"open","sticky":false,"template":"","format":"standard","meta":{"footnotes":""},"categories":[1,4],"tags":[],"class_list":["post-17173","post","type-post","status-publish","format-standard","has-post-thumbnail","hentry","category-inicio","category-internacional"],"_links":{"self":[{"href":"https:\/\/www.lodelmomentoloja.com\/index.php?rest_route=\/wp\/v2\/posts\/17173"}],"collection":[{"href":"https:\/\/www.lodelmomentoloja.com\/index.php?rest_route=\/wp\/v2\/posts"}],"about":[{"href":"https:\/\/www.lodelmomentoloja.com\/index.php?rest_route=\/wp\/v2\/types\/post"}],"author":[{"embeddable":true,"href":"https:\/\/www.lodelmomentoloja.com\/index.php?rest_route=\/wp\/v2\/users\/1"}],"replies":[{"embeddable":true,"href":"https:\/\/www.lodelmomentoloja.com\/index.php?rest_route=%2Fwp%2Fv2%2Fcomments&post=17173"}],"version-history":[{"count":1,"href":"https:\/\/www.lodelmomentoloja.com\/index.php?rest_route=\/wp\/v2\/posts\/17173\/revisions"}],"predecessor-version":[{"id":17175,"href":"https:\/\/www.lodelmomentoloja.com\/index.php?rest_route=\/wp\/v2\/posts\/17173\/revisions\/17175"}],"wp:featuredmedia":[{"embeddable":true,"href":"https:\/\/www.lodelmomentoloja.com\/index.php?rest_route=\/wp\/v2\/media\/17174"}],"wp:attachment":[{"href":"https:\/\/www.lodelmomentoloja.com\/index.php?rest_route=%2Fwp%2Fv2%2Fmedia&parent=17173"}],"wp:term":[{"taxonomy":"category","embeddable":true,"href":"https:\/\/www.lodelmomentoloja.com\/index.php?rest_route=%2Fwp%2Fv2%2Fcategories&post=17173"},{"taxonomy":"post_tag","embeddable":true,"href":"https:\/\/www.lodelmomentoloja.com\/index.php?rest_route=%2Fwp%2Fv2%2Ftags&post=17173"}],"curies":[{"name":"wp","href":"https:\/\/api.w.org\/{rel}","templated":true}]}}