{"id":17116,"date":"2023-08-04T09:00:50","date_gmt":"2023-08-04T09:00:50","guid":{"rendered":"https:\/\/www.lodelmomentoloja.com\/?p=17116"},"modified":"2023-08-04T14:53:33","modified_gmt":"2023-08-04T14:53:33","slug":"riesgo-pais-de-ecuador-se-dispara-a-2018-puntos","status":"publish","type":"post","link":"https:\/\/www.lodelmomentoloja.com\/?p=17116","title":{"rendered":"Riesgo pa\u00eds de Ecuador se dispara a 2018 puntos."},"content":{"rendered":"<h5>Con esto, se sit\u00faa como la segunda naci\u00f3n de Latinoam\u00e9rica con el indicador m\u00e1s alto, solo por detr\u00e1s de Venezuela.<\/h5>\n<p>El riesgo pa\u00eds de Ecuador alcanz\u00f3 los 2 018 puntos y, con esto, se convirti\u00f3 en el segundo indicador m\u00e1s alto de Am\u00e9rica Latina, seg\u00fan los datos de la agencia calificadora estadounidense JPMorgan.<\/p>\n<p>Esta cifra es la m\u00e1s alta en los \u00faltimos tres a\u00f1os, cuando en septiembre de 2020, durante el gobierno de Len\u00edn Moreno, el indicador alcanz\u00f3 los 2 852 puntos.<\/p>\n<p><img loading=\"lazy\" decoding=\"async\" class=\"alignnone wp-image-17117 size-large\" src=\"http:\/\/www.lodelmomentoloja.com\/wp-content\/uploads\/2023\/08\/Sin-titulo-1-1024x455.jpg\" alt=\"\" width=\"640\" height=\"284\" srcset=\"https:\/\/www.lodelmomentoloja.com\/wp-content\/uploads\/2023\/08\/Sin-titulo-1-1024x455.jpg 1024w, https:\/\/www.lodelmomentoloja.com\/wp-content\/uploads\/2023\/08\/Sin-titulo-1-300x133.jpg 300w, https:\/\/www.lodelmomentoloja.com\/wp-content\/uploads\/2023\/08\/Sin-titulo-1-768x341.jpg 768w, https:\/\/www.lodelmomentoloja.com\/wp-content\/uploads\/2023\/08\/Sin-titulo-1-640x284.jpg 640w, https:\/\/www.lodelmomentoloja.com\/wp-content\/uploads\/2023\/08\/Sin-titulo-1.jpg 1478w\" sizes=\"(max-width: 640px) 100vw, 640px\" \/><\/p>\n<p>Por su parte, el ministro de Econom\u00eda y Finanzas de Ecuador, Pablo Arosemena,\u00a0<strong>achac\u00f3 el incremento del riesgo pa\u00eds a la incertidumbre generada por las elecciones presidenciales y legislativas que se realizar\u00e1n el pr\u00f3ximo 20 de agosto.<\/strong><\/p>\n<p>En una entrevista, en Radio Sucesos, Arosemena se\u00f1al\u00f3 que\u00a0<strong>\u201cel mercado internacional castiga a Ecuador\u201d e intuye que quienes ganen en los comicios pudieran ser personas capaces de hacer \u201cdefault\u201d<\/strong>, es decir, de no pagar las deudas externas.<\/p>\n<p>Con estos indicadores, seg\u00fan explic\u00f3 Alberto Acosta, editor de la revista An\u00e1lisis Semana, continuar\u00e1n subiendo las tasas de inter\u00e9s y esto asfixia a pa\u00edses con alto endeudamiento como Ecuador<\/p>\n<p>De igual forma, otro de los factores que influye en esto ser\u00eda el fen\u00f3meno clim\u00e1tico El Ni\u00f1o, cuyas peores consecuencias podr\u00edan sentirse en el territorio nacional a partir del \u00faltimo trimestre del a\u00f1o.<\/p>\n<p>Contradictoriamente, el riesgo pa\u00eds sube en estos momentos pese a que el precio de referencia para el petr\u00f3leo ecuatoriano est\u00e1 cerca de los USD 80 por barril y, normalmente, cuando sube el valor del crudo, ese \u00edndice tiende a bajar debido al aumento de los fondos para el Ejecutivo.<\/p>\n<p>Fuente: Radio Pichincha.<\/p>\n<p><em>S\u00edguenos #LDMnoticias \u00f3 #lodelmomentolojaLDM<\/em><\/p>\n","protected":false},"excerpt":{"rendered":"<p>Con esto, se sit\u00faa como la segunda naci\u00f3n de Latinoam\u00e9rica con el indicador m\u00e1s alto,&#8230;<\/p>\n","protected":false},"author":1,"featured_media":17118,"comment_status":"open","ping_status":"open","sticky":false,"template":"","format":"standard","meta":{"footnotes":""},"categories":[7,1],"tags":[],"class_list":["post-17116","post","type-post","status-publish","format-standard","has-post-thumbnail","hentry","category-ecuador","category-inicio"],"_links":{"self":[{"href":"https:\/\/www.lodelmomentoloja.com\/index.php?rest_route=\/wp\/v2\/posts\/17116"}],"collection":[{"href":"https:\/\/www.lodelmomentoloja.com\/index.php?rest_route=\/wp\/v2\/posts"}],"about":[{"href":"https:\/\/www.lodelmomentoloja.com\/index.php?rest_route=\/wp\/v2\/types\/post"}],"author":[{"embeddable":true,"href":"https:\/\/www.lodelmomentoloja.com\/index.php?rest_route=\/wp\/v2\/users\/1"}],"replies":[{"embeddable":true,"href":"https:\/\/www.lodelmomentoloja.com\/index.php?rest_route=%2Fwp%2Fv2%2Fcomments&post=17116"}],"version-history":[{"count":1,"href":"https:\/\/www.lodelmomentoloja.com\/index.php?rest_route=\/wp\/v2\/posts\/17116\/revisions"}],"predecessor-version":[{"id":17119,"href":"https:\/\/www.lodelmomentoloja.com\/index.php?rest_route=\/wp\/v2\/posts\/17116\/revisions\/17119"}],"wp:featuredmedia":[{"embeddable":true,"href":"https:\/\/www.lodelmomentoloja.com\/index.php?rest_route=\/wp\/v2\/media\/17118"}],"wp:attachment":[{"href":"https:\/\/www.lodelmomentoloja.com\/index.php?rest_route=%2Fwp%2Fv2%2Fmedia&parent=17116"}],"wp:term":[{"taxonomy":"category","embeddable":true,"href":"https:\/\/www.lodelmomentoloja.com\/index.php?rest_route=%2Fwp%2Fv2%2Fcategories&post=17116"},{"taxonomy":"post_tag","embeddable":true,"href":"https:\/\/www.lodelmomentoloja.com\/index.php?rest_route=%2Fwp%2Fv2%2Ftags&post=17116"}],"curies":[{"name":"wp","href":"https:\/\/api.w.org\/{rel}","templated":true}]}}