{"id":17076,"date":"2023-08-03T09:00:20","date_gmt":"2023-08-03T09:00:20","guid":{"rendered":"https:\/\/www.lodelmomentoloja.com\/?p=17076"},"modified":"2023-08-03T14:20:07","modified_gmt":"2023-08-03T14:20:07","slug":"tercera-intervencion-de-policia-nacional-y-fuerzas-armadas-en-carcel-del-litoral","status":"publish","type":"post","link":"https:\/\/www.lodelmomentoloja.com\/?p=17076","title":{"rendered":"Tercera intervenci\u00f3n de Polic\u00eda Nacional y Fuerzas Armadas en c\u00e1rcel del litoral."},"content":{"rendered":"<p>En menso de 15 d\u00edas, Fuerzas Armadas y Polic\u00eda Nacional realizaron el tercer operativo en la Penitenciaria del Litoral ubicada en la provincia del Guayas para realizar el control y registro de armas, municiones y explosivos en los diferentes pabellones.<\/p>\n<p>&nbsp;<\/p>\n<p>Polic\u00eda Nacional, por su parte, expuso en su cuenta de twitter un v\u00eddeo recopilatorio de como se produjo el operativo, enviando a gran contingente humano para poder mitigar alg\u00fan suceso alejado a la tranquilidad con la que debe laborar personal de la polic\u00eda.<\/p>\n<blockquote class=\"twitter-tweet\" data-width=\"550\" data-dnt=\"true\">\n<p lang=\"es\" dir=\"ltr\">M\u00c1S FUERTES QUE NUNCA<a href=\"https:\/\/twitter.com\/PoliciaEcuador?ref_src=twsrc%5Etfw\">@PoliciaEcuador<\/a> y <a href=\"https:\/\/twitter.com\/FFAAECUADOR?ref_src=twsrc%5Etfw\">@FFAAECUADOR<\/a> en apoyo a la <a href=\"https:\/\/twitter.com\/SNAI_Ec?ref_src=twsrc%5Etfw\">@SNAI_Ec<\/a>, intervienen de acuerdo a sus competencias en el <a href=\"https:\/\/twitter.com\/hashtag\/CPLGuayas?src=hash&amp;ref_src=twsrc%5Etfw\">#CPLGuayas<\/a> N\u00b01, para el control y registro de armas, municiones y explosivos en los pabellones.<a href=\"https:\/\/twitter.com\/hashtag\/NuestroTrabajoContin%C3%BAa?src=hash&amp;ref_src=twsrc%5Etfw\">#NuestroTrabajoContin\u00faa<\/a> <a href=\"https:\/\/t.co\/IiIfmSrjrY\">pic.twitter.com\/IiIfmSrjrY<\/a><\/p>\n<p>&mdash; Polic\u00eda Ecuador (@PoliciaEcuador) <a href=\"https:\/\/twitter.com\/PoliciaEcuador\/status\/1687096216872529920?ref_src=twsrc%5Etfw\">August 3, 2023<\/a><\/p><\/blockquote>\n<p><script async src=\"https:\/\/platform.twitter.com\/widgets.js\" charset=\"utf-8\"><\/script><\/p>\n<p>De igual manera, las fuerzas Armadas, desde sus cuentas oficiales expuso algunas fotograf\u00edas de lo que se produjo esta madrugada en la Penitenciar\u00eda del Litoral, como parte de un proceso de control a lo que ocurre dentro de dicha entidad.<\/p>\n<blockquote class=\"twitter-tweet\" data-width=\"550\" data-dnt=\"true\">\n<p lang=\"es\" dir=\"ltr\"><a href=\"https:\/\/twitter.com\/hashtag\/Guayas?src=hash&amp;ref_src=twsrc%5Etfw\">#Guayas<\/a><a href=\"https:\/\/twitter.com\/FFAAECUADOR?ref_src=twsrc%5Etfw\">@FFAAECUADOR<\/a> y <a href=\"https:\/\/twitter.com\/PoliciaEcuador?ref_src=twsrc%5Etfw\">@PoliciaEcuador<\/a>, hoy realizaron una nueva intervenci\u00f3n en la <a href=\"https:\/\/twitter.com\/hashtag\/Penitenciar%C3%ADaDelLitoral?src=hash&amp;ref_src=twsrc%5Etfw\">#Penitenciar\u00edaDelLitoral<\/a>, empleando medios log\u00edsticos, terrestres, navales, a\u00e9reos y policiales para el control interno y externo del Centro de Privaci\u00f3n de Libertad N\u00b0 1 <a href=\"https:\/\/twitter.com\/hashtag\/Guayas?src=hash&amp;ref_src=twsrc%5Etfw\">#Guayas<\/a>. <a href=\"https:\/\/t.co\/vOdz59UIFz\">pic.twitter.com\/vOdz59UIFz<\/a><\/p>\n<p>&mdash; Fuerzas Armadas del Ecuador (@FFAAECUADOR) <a href=\"https:\/\/twitter.com\/FFAAECUADOR\/status\/1687095128295440384?ref_src=twsrc%5Etfw\">August 3, 2023<\/a><\/p><\/blockquote>\n<p><script async src=\"https:\/\/platform.twitter.com\/widgets.js\" charset=\"utf-8\"><\/script><\/p>\n<p>&nbsp;<\/p>\n<p><img loading=\"lazy\" decoding=\"async\" class=\"alignnone wp-image-17080 size-large\" src=\"http:\/\/www.lodelmomentoloja.com\/wp-content\/uploads\/2023\/08\/deswq-1024x460.jpg\" alt=\"\" width=\"640\" height=\"288\" srcset=\"https:\/\/www.lodelmomentoloja.com\/wp-content\/uploads\/2023\/08\/deswq-1024x460.jpg 1024w, https:\/\/www.lodelmomentoloja.com\/wp-content\/uploads\/2023\/08\/deswq-300x135.jpg 300w, https:\/\/www.lodelmomentoloja.com\/wp-content\/uploads\/2023\/08\/deswq-768x345.jpg 768w, https:\/\/www.lodelmomentoloja.com\/wp-content\/uploads\/2023\/08\/deswq-640x287.jpg 640w, https:\/\/www.lodelmomentoloja.com\/wp-content\/uploads\/2023\/08\/deswq-1536x689.jpg 1536w, https:\/\/www.lodelmomentoloja.com\/wp-content\/uploads\/2023\/08\/deswq.jpg 1600w\" sizes=\"(max-width: 640px) 100vw, 640px\" \/><\/p>\n<p><em>S\u00edguenos #LDMnoticias \u00f3 #lodelmomentolojaLDM<\/em><\/p>\n","protected":false},"excerpt":{"rendered":"<p>En menso de 15 d\u00edas, Fuerzas Armadas y Polic\u00eda Nacional realizaron el tercer operativo en&#8230;<\/p>\n","protected":false},"author":1,"featured_media":17081,"comment_status":"open","ping_status":"open","sticky":false,"template":"","format":"standard","meta":{"footnotes":""},"categories":[7,1],"tags":[],"class_list":["post-17076","post","type-post","status-publish","format-standard","has-post-thumbnail","hentry","category-ecuador","category-inicio"],"_links":{"self":[{"href":"https:\/\/www.lodelmomentoloja.com\/index.php?rest_route=\/wp\/v2\/posts\/17076"}],"collection":[{"href":"https:\/\/www.lodelmomentoloja.com\/index.php?rest_route=\/wp\/v2\/posts"}],"about":[{"href":"https:\/\/www.lodelmomentoloja.com\/index.php?rest_route=\/wp\/v2\/types\/post"}],"author":[{"embeddable":true,"href":"https:\/\/www.lodelmomentoloja.com\/index.php?rest_route=\/wp\/v2\/users\/1"}],"replies":[{"embeddable":true,"href":"https:\/\/www.lodelmomentoloja.com\/index.php?rest_route=%2Fwp%2Fv2%2Fcomments&post=17076"}],"version-history":[{"count":1,"href":"https:\/\/www.lodelmomentoloja.com\/index.php?rest_route=\/wp\/v2\/posts\/17076\/revisions"}],"predecessor-version":[{"id":17082,"href":"https:\/\/www.lodelmomentoloja.com\/index.php?rest_route=\/wp\/v2\/posts\/17076\/revisions\/17082"}],"wp:featuredmedia":[{"embeddable":true,"href":"https:\/\/www.lodelmomentoloja.com\/index.php?rest_route=\/wp\/v2\/media\/17081"}],"wp:attachment":[{"href":"https:\/\/www.lodelmomentoloja.com\/index.php?rest_route=%2Fwp%2Fv2%2Fmedia&parent=17076"}],"wp:term":[{"taxonomy":"category","embeddable":true,"href":"https:\/\/www.lodelmomentoloja.com\/index.php?rest_route=%2Fwp%2Fv2%2Fcategories&post=17076"},{"taxonomy":"post_tag","embeddable":true,"href":"https:\/\/www.lodelmomentoloja.com\/index.php?rest_route=%2Fwp%2Fv2%2Ftags&post=17076"}],"curies":[{"name":"wp","href":"https:\/\/api.w.org\/{rel}","templated":true}]}}