{"id":17036,"date":"2023-08-01T14:00:58","date_gmt":"2023-08-01T14:00:58","guid":{"rendered":"https:\/\/www.lodelmomentoloja.com\/?p=17036"},"modified":"2023-08-01T21:36:50","modified_gmt":"2023-08-01T21:36:50","slug":"encuestas-de-presidenciales-y-asambleistas-en-la-provincia-de-loja","status":"publish","type":"post","link":"https:\/\/www.lodelmomentoloja.com\/?p=17036","title":{"rendered":"Datos de las encuestas para presidenciales y asamble\u00edstas en la provincia de Loja"},"content":{"rendered":"<p>Las elecciones anticipadas est\u00e1n a la vuelta de la esquina y a pocos de d\u00edas de acudir a las urnas, la encuestadora INDEX presentan resultados de los candidatos tanto presidencial como a la asamblea en la provincia de Loja.<\/p>\n<p>Francis S\u00e1nchez, vocero de INDEX, presenta los porcentajes obtenidos por las encuestas aplicadas en 6 cantones de la provincia de Loja, mismos que estar\u00edan definiendo a los nuevos legisladores en este proceso electoral. Los datos fueron actualizados en un tercer estudio comprendido entre el 27 y 30 de julio de 2023.<\/p>\n<p><strong>DATOS A LA PRESIDENCIA &#8211; LOJA<\/strong><\/p>\n<p><img loading=\"lazy\" decoding=\"async\" class=\"alignnone wp-image-17040 size-large\" src=\"http:\/\/www.lodelmomentoloja.com\/wp-content\/uploads\/2023\/08\/1-1024x573.jpg\" alt=\"\" width=\"640\" height=\"358\" srcset=\"https:\/\/www.lodelmomentoloja.com\/wp-content\/uploads\/2023\/08\/1-1024x573.jpg 1024w, https:\/\/www.lodelmomentoloja.com\/wp-content\/uploads\/2023\/08\/1-300x168.jpg 300w, https:\/\/www.lodelmomentoloja.com\/wp-content\/uploads\/2023\/08\/1-768x430.jpg 768w, https:\/\/www.lodelmomentoloja.com\/wp-content\/uploads\/2023\/08\/1-640x358.jpg 640w, https:\/\/www.lodelmomentoloja.com\/wp-content\/uploads\/2023\/08\/1.jpg 1441w\" sizes=\"(max-width: 640px) 100vw, 640px\" \/><\/p>\n<p><strong>DATOS A LA ASAMBLEA &#8211; LOJA<\/strong><\/p>\n<p><img loading=\"lazy\" decoding=\"async\" class=\"alignnone wp-image-17041 size-large\" src=\"http:\/\/www.lodelmomentoloja.com\/wp-content\/uploads\/2023\/08\/2-1024x573.jpg\" alt=\"\" width=\"640\" height=\"358\" srcset=\"https:\/\/www.lodelmomentoloja.com\/wp-content\/uploads\/2023\/08\/2-1024x573.jpg 1024w, https:\/\/www.lodelmomentoloja.com\/wp-content\/uploads\/2023\/08\/2-300x168.jpg 300w, https:\/\/www.lodelmomentoloja.com\/wp-content\/uploads\/2023\/08\/2-768x430.jpg 768w, https:\/\/www.lodelmomentoloja.com\/wp-content\/uploads\/2023\/08\/2-640x358.jpg 640w, https:\/\/www.lodelmomentoloja.com\/wp-content\/uploads\/2023\/08\/2.jpg 1441w\" sizes=\"(max-width: 640px) 100vw, 640px\" \/><\/p>\n<p>Asimismo, se detallan quienes son los candidatos con mayor crecimiento en la provincia, los cuales vienen respaldados por el apoyo que reciben los candidatos presidenciales del partido en el que militan, incluso, por temas de trabajo territorial.<\/p>\n<p>Finalmente, el d\u00eda 20 de agosto se conocer\u00e1 a los cuatro representantes de Loja a la asamblea y por ende a quien llevar\u00e1 las riendas del nuevo gobierno nacional.<\/p>\n<h4>NOTICIA EN V\u00cdDEO.<\/h4>\n<p><iframe loading=\"lazy\" title=\"\u00bfQui\u00e9nes lideran las encuestas en la provincia de Loja? | LO DEL MOMENTO\" width=\"640\" height=\"360\" src=\"https:\/\/www.youtube.com\/embed\/ejQ7jKM9vUo?start=67&#038;feature=oembed\" frameborder=\"0\" allow=\"accelerometer; autoplay; clipboard-write; encrypted-media; gyroscope; picture-in-picture; web-share\" referrerpolicy=\"strict-origin-when-cross-origin\" allowfullscreen><\/iframe><\/p>\n<p><em>S\u00edguenos #LDMnoticias #lodelmomentolojaLDM<\/em><\/p>\n","protected":false},"excerpt":{"rendered":"<p>Las elecciones anticipadas est\u00e1n a la vuelta de la esquina y a pocos de d\u00edas&#8230;<\/p>\n","protected":false},"author":1,"featured_media":17044,"comment_status":"open","ping_status":"open","sticky":false,"template":"","format":"standard","meta":{"footnotes":""},"categories":[1,5],"tags":[],"class_list":["post-17036","post","type-post","status-publish","format-standard","has-post-thumbnail","hentry","category-inicio","category-loja"],"_links":{"self":[{"href":"https:\/\/www.lodelmomentoloja.com\/index.php?rest_route=\/wp\/v2\/posts\/17036"}],"collection":[{"href":"https:\/\/www.lodelmomentoloja.com\/index.php?rest_route=\/wp\/v2\/posts"}],"about":[{"href":"https:\/\/www.lodelmomentoloja.com\/index.php?rest_route=\/wp\/v2\/types\/post"}],"author":[{"embeddable":true,"href":"https:\/\/www.lodelmomentoloja.com\/index.php?rest_route=\/wp\/v2\/users\/1"}],"replies":[{"embeddable":true,"href":"https:\/\/www.lodelmomentoloja.com\/index.php?rest_route=%2Fwp%2Fv2%2Fcomments&post=17036"}],"version-history":[{"count":3,"href":"https:\/\/www.lodelmomentoloja.com\/index.php?rest_route=\/wp\/v2\/posts\/17036\/revisions"}],"predecessor-version":[{"id":17045,"href":"https:\/\/www.lodelmomentoloja.com\/index.php?rest_route=\/wp\/v2\/posts\/17036\/revisions\/17045"}],"wp:featuredmedia":[{"embeddable":true,"href":"https:\/\/www.lodelmomentoloja.com\/index.php?rest_route=\/wp\/v2\/media\/17044"}],"wp:attachment":[{"href":"https:\/\/www.lodelmomentoloja.com\/index.php?rest_route=%2Fwp%2Fv2%2Fmedia&parent=17036"}],"wp:term":[{"taxonomy":"category","embeddable":true,"href":"https:\/\/www.lodelmomentoloja.com\/index.php?rest_route=%2Fwp%2Fv2%2Fcategories&post=17036"},{"taxonomy":"post_tag","embeddable":true,"href":"https:\/\/www.lodelmomentoloja.com\/index.php?rest_route=%2Fwp%2Fv2%2Ftags&post=17036"}],"curies":[{"name":"wp","href":"https:\/\/api.w.org\/{rel}","templated":true}]}}