{"id":16990,"date":"2023-07-31T12:10:56","date_gmt":"2023-07-31T12:10:56","guid":{"rendered":"https:\/\/www.lodelmomentoloja.com\/?p=16990"},"modified":"2023-07-31T17:11:43","modified_gmt":"2023-07-31T17:11:43","slug":"agosto-tendra-feriado-nacional","status":"publish","type":"post","link":"https:\/\/www.lodelmomentoloja.com\/?p=16990","title":{"rendered":"Agosto tendr\u00e1 feriado nacional"},"content":{"rendered":"<p dir=\"ltr\">\ud83c\uddea\ud83c\udde8\ud83d\udc4f\ud83c\udffc\ud83d\udcc6 \u00a1Ya hac\u00eda falta! La pr\u00f3xima fecha c\u00edvica en Ecuador ser\u00e1 el 10 de Agosto &#8216;Primer grito de la Independencia&#8217; y de acuerdo con la informaci\u00f3n de la cartera de Estado encargada del Turismo Nacional, las vacaciones para el mes de agosto se trasladar\u00e1n para los d\u00edas viernes 11, s\u00e1bado 12 y domingo 13 del mismo mes, d\u00edas que no ser\u00e1n recuperables.<\/p>\n<p dir=\"ltr\">www.lodelmomentoloja.com<br \/>\n#LDMnoticias #lodelmomentolojaLDM<\/p>\n","protected":false},"excerpt":{"rendered":"<p>\ud83c\uddea\ud83c\udde8\ud83d\udc4f\ud83c\udffc\ud83d\udcc6 \u00a1Ya hac\u00eda falta! La pr\u00f3xima fecha c\u00edvica en Ecuador ser\u00e1 el 10 de Agosto&#8230;<\/p>\n","protected":false},"author":1,"featured_media":16991,"comment_status":"open","ping_status":"open","sticky":false,"template":"","format":"standard","meta":{"footnotes":""},"categories":[7,1],"tags":[],"class_list":["post-16990","post","type-post","status-publish","format-standard","has-post-thumbnail","hentry","category-ecuador","category-inicio"],"_links":{"self":[{"href":"https:\/\/www.lodelmomentoloja.com\/index.php?rest_route=\/wp\/v2\/posts\/16990"}],"collection":[{"href":"https:\/\/www.lodelmomentoloja.com\/index.php?rest_route=\/wp\/v2\/posts"}],"about":[{"href":"https:\/\/www.lodelmomentoloja.com\/index.php?rest_route=\/wp\/v2\/types\/post"}],"author":[{"embeddable":true,"href":"https:\/\/www.lodelmomentoloja.com\/index.php?rest_route=\/wp\/v2\/users\/1"}],"replies":[{"embeddable":true,"href":"https:\/\/www.lodelmomentoloja.com\/index.php?rest_route=%2Fwp%2Fv2%2Fcomments&post=16990"}],"version-history":[{"count":1,"href":"https:\/\/www.lodelmomentoloja.com\/index.php?rest_route=\/wp\/v2\/posts\/16990\/revisions"}],"predecessor-version":[{"id":16992,"href":"https:\/\/www.lodelmomentoloja.com\/index.php?rest_route=\/wp\/v2\/posts\/16990\/revisions\/16992"}],"wp:featuredmedia":[{"embeddable":true,"href":"https:\/\/www.lodelmomentoloja.com\/index.php?rest_route=\/wp\/v2\/media\/16991"}],"wp:attachment":[{"href":"https:\/\/www.lodelmomentoloja.com\/index.php?rest_route=%2Fwp%2Fv2%2Fmedia&parent=16990"}],"wp:term":[{"taxonomy":"category","embeddable":true,"href":"https:\/\/www.lodelmomentoloja.com\/index.php?rest_route=%2Fwp%2Fv2%2Fcategories&post=16990"},{"taxonomy":"post_tag","embeddable":true,"href":"https:\/\/www.lodelmomentoloja.com\/index.php?rest_route=%2Fwp%2Fv2%2Ftags&post=16990"}],"curies":[{"name":"wp","href":"https:\/\/api.w.org\/{rel}","templated":true}]}}