{"id":16984,"date":"2023-07-29T15:21:45","date_gmt":"2023-07-29T15:21:45","guid":{"rendered":"https:\/\/www.lodelmomentoloja.com\/?p=16984"},"modified":"2023-07-29T20:22:52","modified_gmt":"2023-07-29T20:22:52","slug":"utpl-realiza-feria-de-proyectos","status":"publish","type":"post","link":"https:\/\/www.lodelmomentoloja.com\/?p=16984","title":{"rendered":"UTPL realiza Feria de Proyectos"},"content":{"rendered":"<p dir=\"ltr\">\ud83d\ude31\ud83d\udc4f\ud83c\udffc\ud83c\udfeb \u00a1Feria UTPL! Un total de 64 proyectos de vinculaci\u00f3n ejecutados de abril 2022 a abril 2023 se expusieron durante la II Feria de Proyectos de Vinculaci\u00f3n: \u201cGenerando innovaciones sociales para mejorar la calidad de vida de la sociedad\u201d.<\/p>\n<p dir=\"ltr\">La Universidad T\u00e9cnica Particular de Loja (UTPL), a trav\u00e9s de la Direcci\u00f3n General de Vinculaci\u00f3n con la Sociedad, realiz\u00f3 la II Feria de Proyectos de Vinculaci\u00f3n con la Sociedad, en su campus universitario. Esta iniciativa permiti\u00f3 evidenciar el compromiso de la universidad para aportar a la gesti\u00f3n sostenible e inteligente del territorio y el cumplimiento a los Objetivos de Desarrollo Sostenible de la Agenda 2030.<\/p>\n<p dir=\"ltr\">Ana Santos Delgado, directora general de Vinculaci\u00f3n de la Sociedad, se\u00f1al\u00f3 que lo m\u00e1s importante de esta actividad no fue la cantidad de proyectos expuestos, sino el impacto logrado en beneficio de la comunidad.<\/p>\n<p dir=\"ltr\">\u201cGracias al compromiso de la UTPL, nuestros estudiantes son conscientes de los problemas sociales. Adem\u00e1s, desde su formaci\u00f3n universitaria, pueden generar cambios reales. Por otra parte, nuestros docentes han sido capaces de brindar soluciones a problem\u00e1ticas previamente identificadas\u201d, mencion\u00f3 Santos.<\/p>\n<p dir=\"ltr\">De abril de 2022 hasta abril de 2023 se ejecutaron 64 proyectos en diversas \u00e1reas de conocimiento, en las modalidades: distancia: 21; en l\u00ednea: 7; presencial: 29; presencial y a distancia: 7; contando con la participaci\u00f3n de 173 docentes y 3 902 estudiantes que dedicaron sus ideas y tiempo al servicio de la comunidad.<\/p>\n<p dir=\"ltr\">En el marco del evento, se realiz\u00f3 la conferencia magistral: \u201cLa funci\u00f3n sustantiva de la vinculaci\u00f3n: importancia y desaf\u00edo\u201d, dictada por Jorge \u00c1lvarez Tello, cofundador del Centro de Innovaci\u00f3n y Desarrollo Social del Ecuador.<\/p>\n<p dir=\"ltr\">Alexandra Moncayo Vega, docente de la carrera de Arquitectura, mencion\u00f3 que 350 estudiantes de diferentes carreras participaron del proyecto: \u201cCorredor Ecol\u00f3gico Tur\u00edstico en la Quebrada San Cayetano\u201d, con la finalidad de recuperar el \u00e1rea natural y mejorar las condiciones de accesibilidad, conectividad y permeabilidad de este sector.<\/p>\n<p dir=\"ltr\">Con esta feria, la UTPL evidenci\u00f3 el impacto del modelo de vinculaci\u00f3n desde su accionar local con enfoque global, que articula las funciones sustantivas de docencia e investigaci\u00f3n, a trav\u00e9s de cinco l\u00edneas estrat\u00e9gicas inspiradas en la filosof\u00eda institucional que son: formaci\u00f3n permanente, calidad de vida, conservaci\u00f3n del planeta, sociedad justa e inclusiva y cooperaci\u00f3n transformadora.<\/p>\n<p dir=\"ltr\">www.lodelmomentoloja.com<br \/>\n#LDMnoticias#lodelmomentolojaLDM<\/p>\n","protected":false},"excerpt":{"rendered":"<p>\ud83d\ude31\ud83d\udc4f\ud83c\udffc\ud83c\udfeb \u00a1Feria UTPL! Un total de 64 proyectos de vinculaci\u00f3n ejecutados de abril 2022 a&#8230;<\/p>\n","protected":false},"author":1,"featured_media":16985,"comment_status":"open","ping_status":"open","sticky":false,"template":"","format":"standard","meta":{"footnotes":""},"categories":[7,1,5],"tags":[],"class_list":["post-16984","post","type-post","status-publish","format-standard","has-post-thumbnail","hentry","category-ecuador","category-inicio","category-loja"],"_links":{"self":[{"href":"https:\/\/www.lodelmomentoloja.com\/index.php?rest_route=\/wp\/v2\/posts\/16984"}],"collection":[{"href":"https:\/\/www.lodelmomentoloja.com\/index.php?rest_route=\/wp\/v2\/posts"}],"about":[{"href":"https:\/\/www.lodelmomentoloja.com\/index.php?rest_route=\/wp\/v2\/types\/post"}],"author":[{"embeddable":true,"href":"https:\/\/www.lodelmomentoloja.com\/index.php?rest_route=\/wp\/v2\/users\/1"}],"replies":[{"embeddable":true,"href":"https:\/\/www.lodelmomentoloja.com\/index.php?rest_route=%2Fwp%2Fv2%2Fcomments&post=16984"}],"version-history":[{"count":1,"href":"https:\/\/www.lodelmomentoloja.com\/index.php?rest_route=\/wp\/v2\/posts\/16984\/revisions"}],"predecessor-version":[{"id":16986,"href":"https:\/\/www.lodelmomentoloja.com\/index.php?rest_route=\/wp\/v2\/posts\/16984\/revisions\/16986"}],"wp:featuredmedia":[{"embeddable":true,"href":"https:\/\/www.lodelmomentoloja.com\/index.php?rest_route=\/wp\/v2\/media\/16985"}],"wp:attachment":[{"href":"https:\/\/www.lodelmomentoloja.com\/index.php?rest_route=%2Fwp%2Fv2%2Fmedia&parent=16984"}],"wp:term":[{"taxonomy":"category","embeddable":true,"href":"https:\/\/www.lodelmomentoloja.com\/index.php?rest_route=%2Fwp%2Fv2%2Fcategories&post=16984"},{"taxonomy":"post_tag","embeddable":true,"href":"https:\/\/www.lodelmomentoloja.com\/index.php?rest_route=%2Fwp%2Fv2%2Ftags&post=16984"}],"curies":[{"name":"wp","href":"https:\/\/api.w.org\/{rel}","templated":true}]}}