{"id":16954,"date":"2023-07-27T15:16:40","date_gmt":"2023-07-27T15:16:40","guid":{"rendered":"https:\/\/www.lodelmomentoloja.com\/?p=16954"},"modified":"2023-07-27T20:20:01","modified_gmt":"2023-07-27T20:20:01","slug":"guillermo-lasso-el-peor-presidente-de-latino-america","status":"publish","type":"post","link":"https:\/\/www.lodelmomentoloja.com\/?p=16954","title":{"rendered":"Guillermo Lasso el peor presidente de Latino Am\u00e9rica"},"content":{"rendered":"<p>El Bar\u00f3metro de opini\u00f3n de Am\u00e9rica Latina (Latinobar\u00f3metro) y la Fundaci\u00f3n Directorio Legislativo\u2013 organizaciones que monitorean la opini\u00f3n sobre los pa\u00edses de la regi\u00f3n- ubican al presidente de Ecuador, Guillermo Lasso, como uno de los peores calificados de Am\u00e9rcia Latina.<\/p>\n<p>De acuerdo con el Latinobar\u00f3metro, Lasso se encuentra en el \u00faltimo lugar, con un 84% de desaprobaci\u00f3n, de una lista de 17 mandatarios y mandatarias de la regi\u00f3n. Por encima del Jefe de Estado ecuatoriano est\u00e1 la presidenta de Per\u00fa, Dina Boluarte, con el 83% de desaprobaci\u00f3n.<\/p>\n<p><img loading=\"lazy\" decoding=\"async\" class=\"alignnone size-medium wp-image-16956\" src=\"http:\/\/www.lodelmomentoloja.com\/wp-content\/uploads\/2023\/07\/F195o-NWEAQ1lFC-768x877-1-263x300.jpeg\" alt=\"\" width=\"263\" height=\"300\" srcset=\"https:\/\/www.lodelmomentoloja.com\/wp-content\/uploads\/2023\/07\/F195o-NWEAQ1lFC-768x877-1-263x300.jpeg 263w, https:\/\/www.lodelmomentoloja.com\/wp-content\/uploads\/2023\/07\/F195o-NWEAQ1lFC-768x877-1-640x731.jpeg 640w, https:\/\/www.lodelmomentoloja.com\/wp-content\/uploads\/2023\/07\/F195o-NWEAQ1lFC-768x877-1.jpeg 768w\" sizes=\"(max-width: 263px) 100vw, 263px\" \/><\/p>\n<p>En este r\u00e1nking, los presidentes de Paraguay, Mario Abdo Ben\u00edtez (79%); de Argentina, Alberto Fern\u00e1ndez (75%); y de Guatemala, Alejandro Giammattei (76%), tambi\u00e9n ocupan los \u00faltimos puestos. Entretanto, Nayib Bukele, presidente de El Salvador, ocupa el primer lugar con el 90% de aprobaci\u00f3n.<\/p>\n<p>Por su parte, seg\u00fan un estudio de la organizaci\u00f3n no gubernamental Fundaci\u00f3n Directorio Legislativo, Guillermo Lasso Mendoza ocupa el primer lugar como presidente peor calificado, con una desaprobaci\u00f3n del 80%.<\/p>\n<p><img loading=\"lazy\" decoding=\"async\" class=\"alignnone size-medium wp-image-16957\" src=\"http:\/\/www.lodelmomentoloja.com\/wp-content\/uploads\/2023\/07\/WhatsApp-Image-2023-07-26-at-16.53.41-300x126.jpeg\" alt=\"\" width=\"300\" height=\"126\" srcset=\"https:\/\/www.lodelmomentoloja.com\/wp-content\/uploads\/2023\/07\/WhatsApp-Image-2023-07-26-at-16.53.41-300x126.jpeg 300w, https:\/\/www.lodelmomentoloja.com\/wp-content\/uploads\/2023\/07\/WhatsApp-Image-2023-07-26-at-16.53.41-1024x431.jpeg 1024w, https:\/\/www.lodelmomentoloja.com\/wp-content\/uploads\/2023\/07\/WhatsApp-Image-2023-07-26-at-16.53.41-768x323.jpeg 768w, https:\/\/www.lodelmomentoloja.com\/wp-content\/uploads\/2023\/07\/WhatsApp-Image-2023-07-26-at-16.53.41-640x269.jpeg 640w, https:\/\/www.lodelmomentoloja.com\/wp-content\/uploads\/2023\/07\/WhatsApp-Image-2023-07-26-at-16.53.41.jpeg 1032w\" sizes=\"(max-width: 300px) 100vw, 300px\" \/><\/p>\n<p>Fuente: RadioPichincha.<\/p>\n<p>www.lodelmomentoloja.com<\/p>\n<p>#LDMnoticias #lodelmomentolojaLDM<\/p>\n","protected":false},"excerpt":{"rendered":"<p>El Bar\u00f3metro de opini\u00f3n de Am\u00e9rica Latina (Latinobar\u00f3metro) y la Fundaci\u00f3n Directorio Legislativo\u2013 organizaciones que&#8230;<\/p>\n","protected":false},"author":1,"featured_media":16955,"comment_status":"open","ping_status":"open","sticky":false,"template":"","format":"standard","meta":{"footnotes":""},"categories":[7,1,4],"tags":[],"class_list":["post-16954","post","type-post","status-publish","format-standard","has-post-thumbnail","hentry","category-ecuador","category-inicio","category-internacional"],"_links":{"self":[{"href":"https:\/\/www.lodelmomentoloja.com\/index.php?rest_route=\/wp\/v2\/posts\/16954"}],"collection":[{"href":"https:\/\/www.lodelmomentoloja.com\/index.php?rest_route=\/wp\/v2\/posts"}],"about":[{"href":"https:\/\/www.lodelmomentoloja.com\/index.php?rest_route=\/wp\/v2\/types\/post"}],"author":[{"embeddable":true,"href":"https:\/\/www.lodelmomentoloja.com\/index.php?rest_route=\/wp\/v2\/users\/1"}],"replies":[{"embeddable":true,"href":"https:\/\/www.lodelmomentoloja.com\/index.php?rest_route=%2Fwp%2Fv2%2Fcomments&post=16954"}],"version-history":[{"count":2,"href":"https:\/\/www.lodelmomentoloja.com\/index.php?rest_route=\/wp\/v2\/posts\/16954\/revisions"}],"predecessor-version":[{"id":16959,"href":"https:\/\/www.lodelmomentoloja.com\/index.php?rest_route=\/wp\/v2\/posts\/16954\/revisions\/16959"}],"wp:featuredmedia":[{"embeddable":true,"href":"https:\/\/www.lodelmomentoloja.com\/index.php?rest_route=\/wp\/v2\/media\/16955"}],"wp:attachment":[{"href":"https:\/\/www.lodelmomentoloja.com\/index.php?rest_route=%2Fwp%2Fv2%2Fmedia&parent=16954"}],"wp:term":[{"taxonomy":"category","embeddable":true,"href":"https:\/\/www.lodelmomentoloja.com\/index.php?rest_route=%2Fwp%2Fv2%2Fcategories&post=16954"},{"taxonomy":"post_tag","embeddable":true,"href":"https:\/\/www.lodelmomentoloja.com\/index.php?rest_route=%2Fwp%2Fv2%2Ftags&post=16954"}],"curies":[{"name":"wp","href":"https:\/\/api.w.org\/{rel}","templated":true}]}}