{"id":16941,"date":"2023-07-27T13:00:41","date_gmt":"2023-07-27T13:00:41","guid":{"rendered":"https:\/\/www.lodelmomentoloja.com\/?p=16941"},"modified":"2023-07-27T19:02:21","modified_gmt":"2023-07-27T19:02:21","slug":"unas-300-personas-se-vincularon-a-trabajar-al-municipio-de-loja-con-exalcaldesa-picoita","status":"publish","type":"post","link":"https:\/\/www.lodelmomentoloja.com\/?p=16941","title":{"rendered":"Unas 300 personas se vincularon a trabajar al Municipio de Loja con exalcaldesa Picoita."},"content":{"rendered":"<p>El Municipio de Loja en las \u00faltimas administraciones se ha convertido en una carga para los lojanos, puesto que, gran parte de <strong>los impuestos de los ciudadanos se van para pagar los sueldos de los diferentes funcionarios y trabajadores<\/strong> que se vinculan tanto por contrataci\u00f3n de servicios profesionales o concursos de m\u00e9ritos y oposici\u00f3n. Seg\u00fan la p\u00e1gina web del GAD Loja en la secci\u00f3n de transparencia, del distributivo de personal de <strong>la instituci\u00f3n hasta marzo 2023 se registra 2.835 personas laborando<\/strong> entre nivel directivo, nivel operativo y nivel de apoyo.<\/p>\n<p>Ante este gradual incremento que se ha dado en los \u00faltimos a\u00f1os y sobre todo, en las evidentes vinculaciones que se han dado el \u00faltimo periodo donde Patricia Picoita era alcaldesa de Loja, desde el medio digital LDM, bajo la solicitud del periodista John S. Lafebre, y tras haber transcurrido un mes de la actual administraci\u00f3n de Franco Quezada, con fecha 21 de junio del 2023 se procedi\u00f3 a solicitar todo lo referente con respecto a las contrataciones de personal bajo las diferentes modalidades que se hicieron en a\u00f1o y algo m\u00e1s de administraci\u00f3n.<\/p>\n<p>&nbsp;<\/p>\n<h4><strong>LA RESPUESTA DEL MUNICIPIO<\/strong><\/h4>\n<p><img loading=\"lazy\" decoding=\"async\" class=\"wp-image-16942 alignleft\" src=\"http:\/\/www.lodelmomentoloja.com\/wp-content\/uploads\/2023\/07\/ewsqa-906x1024.jpg\" alt=\"\" width=\"393\" height=\"444\" srcset=\"https:\/\/www.lodelmomentoloja.com\/wp-content\/uploads\/2023\/07\/ewsqa-906x1024.jpg 906w, https:\/\/www.lodelmomentoloja.com\/wp-content\/uploads\/2023\/07\/ewsqa-266x300.jpg 266w, https:\/\/www.lodelmomentoloja.com\/wp-content\/uploads\/2023\/07\/ewsqa-768x868.jpg 768w, https:\/\/www.lodelmomentoloja.com\/wp-content\/uploads\/2023\/07\/ewsqa-640x723.jpg 640w, https:\/\/www.lodelmomentoloja.com\/wp-content\/uploads\/2023\/07\/ewsqa-1360x1536.jpg 1360w, https:\/\/www.lodelmomentoloja.com\/wp-content\/uploads\/2023\/07\/ewsqa-1813x2048.jpg 1813w, https:\/\/www.lodelmomentoloja.com\/wp-content\/uploads\/2023\/07\/ewsqa-1024x1157.jpg 1024w\" sizes=\"(max-width: 393px) 100vw, 393px\" \/><\/p>\n<p>Luego de un mes de espera, el 26 de julio lleg\u00f3 la informaci\u00f3n solicitada por LDM para que, con fecha 25 de julio 2023 se adjuntar toda la informaci\u00f3n suscrita desde la Direcci\u00f3n de Talento Humano del Municipio de Loja en el que se encontraron una informaci\u00f3n mucho m\u00e1s precisa.<\/p>\n<p>En la informaci\u00f3n entregada se pudo verificar que desde el mes de marzo 2022 hasta antes de terminar <strong>la administraci\u00f3n de un a\u00f1o y poco m\u00e1s por parte de Patricia Picoita como alcaldesa, en su periodo se generaron 326 vinculaciones entre<\/strong> <strong>300 trabajadores nuevos que formaron parte de su administraci\u00f3n<\/strong>, esta cifra segunda se genera porque en algunos cargos fueron vinculados a diferentes dependencias, incluso, algunos estuvieron hasta en 3 diferentes puestos.<\/p>\n<p>&nbsp;<\/p>\n<p>&nbsp;<\/p>\n<p>&nbsp;<\/p>\n<p><strong>Documento oficial desde Talento Humano del Municipio de Loja.<\/strong><\/p>\n<p><img loading=\"lazy\" decoding=\"async\" class=\"alignnone wp-image-16947 size-large\" src=\"http:\/\/www.lodelmomentoloja.com\/wp-content\/uploads\/2023\/07\/DESA-906x1024.jpg\" alt=\"\" width=\"640\" height=\"723\" srcset=\"https:\/\/www.lodelmomentoloja.com\/wp-content\/uploads\/2023\/07\/DESA-906x1024.jpg 906w, https:\/\/www.lodelmomentoloja.com\/wp-content\/uploads\/2023\/07\/DESA-266x300.jpg 266w, https:\/\/www.lodelmomentoloja.com\/wp-content\/uploads\/2023\/07\/DESA-768x868.jpg 768w, https:\/\/www.lodelmomentoloja.com\/wp-content\/uploads\/2023\/07\/DESA-640x723.jpg 640w, https:\/\/www.lodelmomentoloja.com\/wp-content\/uploads\/2023\/07\/DESA-1360x1536.jpg 1360w, https:\/\/www.lodelmomentoloja.com\/wp-content\/uploads\/2023\/07\/DESA-1813x2048.jpg 1813w, https:\/\/www.lodelmomentoloja.com\/wp-content\/uploads\/2023\/07\/DESA-1024x1157.jpg 1024w\" sizes=\"(max-width: 640px) 100vw, 640px\" \/><\/p>\n<p>&nbsp;<\/p>\n<h4>\u00bfCu\u00e1l era la cantidad al mes de mayo tanto en 2022 y 2023?<\/h4>\n<p>Por otro lado, si comparamos la cifra del mes de mayo 2022 donde Patricia Picoita era alcaldesa, seg\u00fan el distributivo del personal estaba con 2.931 funcionarios en todos los niveles, a diferencia del nuevo alcalde Franco Quezada, en mayo 2023, esa cifra baj\u00f3 a 2.910 en t\u00e9rminos generales.<\/p>\n<p>&nbsp;<\/p>\n<p><em>S\u00edguenos #LDMnoticias \u00f3 #lodelmomentolojaLDM<\/em><\/p>\n","protected":false},"excerpt":{"rendered":"<p>El Municipio de Loja en las \u00faltimas administraciones se ha convertido en una carga para&#8230;<\/p>\n","protected":false},"author":1,"featured_media":16949,"comment_status":"open","ping_status":"open","sticky":false,"template":"","format":"standard","meta":{"footnotes":""},"categories":[7,1,5],"tags":[],"class_list":["post-16941","post","type-post","status-publish","format-standard","has-post-thumbnail","hentry","category-ecuador","category-inicio","category-loja"],"_links":{"self":[{"href":"https:\/\/www.lodelmomentoloja.com\/index.php?rest_route=\/wp\/v2\/posts\/16941"}],"collection":[{"href":"https:\/\/www.lodelmomentoloja.com\/index.php?rest_route=\/wp\/v2\/posts"}],"about":[{"href":"https:\/\/www.lodelmomentoloja.com\/index.php?rest_route=\/wp\/v2\/types\/post"}],"author":[{"embeddable":true,"href":"https:\/\/www.lodelmomentoloja.com\/index.php?rest_route=\/wp\/v2\/users\/1"}],"replies":[{"embeddable":true,"href":"https:\/\/www.lodelmomentoloja.com\/index.php?rest_route=%2Fwp%2Fv2%2Fcomments&post=16941"}],"version-history":[{"count":8,"href":"https:\/\/www.lodelmomentoloja.com\/index.php?rest_route=\/wp\/v2\/posts\/16941\/revisions"}],"predecessor-version":[{"id":16952,"href":"https:\/\/www.lodelmomentoloja.com\/index.php?rest_route=\/wp\/v2\/posts\/16941\/revisions\/16952"}],"wp:featuredmedia":[{"embeddable":true,"href":"https:\/\/www.lodelmomentoloja.com\/index.php?rest_route=\/wp\/v2\/media\/16949"}],"wp:attachment":[{"href":"https:\/\/www.lodelmomentoloja.com\/index.php?rest_route=%2Fwp%2Fv2%2Fmedia&parent=16941"}],"wp:term":[{"taxonomy":"category","embeddable":true,"href":"https:\/\/www.lodelmomentoloja.com\/index.php?rest_route=%2Fwp%2Fv2%2Fcategories&post=16941"},{"taxonomy":"post_tag","embeddable":true,"href":"https:\/\/www.lodelmomentoloja.com\/index.php?rest_route=%2Fwp%2Fv2%2Ftags&post=16941"}],"curies":[{"name":"wp","href":"https:\/\/api.w.org\/{rel}","templated":true}]}}