{"id":16900,"date":"2023-07-26T10:00:22","date_gmt":"2023-07-26T10:00:22","guid":{"rendered":"https:\/\/www.lodelmomentoloja.com\/?p=16900"},"modified":"2023-07-26T15:30:11","modified_gmt":"2023-07-26T15:30:11","slug":"mas-de-500-armas-decomisadas-de-la-penitenciaria-del-litoral","status":"publish","type":"post","link":"https:\/\/www.lodelmomentoloja.com\/?p=16900","title":{"rendered":"M\u00e1s de 500 armas decomisadas de la Penitenciar\u00eda del Litoral."},"content":{"rendered":"<div class=\"et_pb_row et_pb_row_0\">\n<div class=\"et_pb_column et_pb_column_4_4 et_pb_column_0 et_pb_css_mix_blend_mode_passthrough et-last-child\">\n<div class=\"et_pb_module et_pb_text et_pb_text_0 et_pb_text_align_left et_pb_bg_layout_light\">\n<div class=\"et_pb_text_inner\">\n<div class=\"lead destacado\">Con respecto al estado de excepci\u00f3n que rige en todo el Sistema de Rehabilitaci\u00f3n Social, las fuerzas del orden decomisaron fusiles, pistolas, 6.000 municiones de diferentes calibres, lanzagranadas, dinero y hasta objetos de valor dentro de la Penitenciar\u00eda del Litoral en Guayas.<\/div>\n<div class=\"paragraph texto\">\n<p class=\"p_1\">La intervenci\u00f3n de manera conjunta participaron unidades t\u00e1cticasd el Grupo de Operaciones Especiales (GOE), Grupo de Intervenci\u00f3n y Rescate (GIR), Grupo Especial M\u00f3vil Antinarc\u00f3ticos (GEMA), Unidad de Mantenimiento del Orden (UMO), Dinased, Criminal\u00edstica e Inteligencia de la polic\u00eda, a fin de mantener el control de\u00a0armas, municiones y explosivos, as\u00ed como el requisamiento de art\u00edculos no autorizados dentro de la\u00a0c\u00e1rcel.<\/p>\n<\/div>\n<p>&nbsp;<\/p>\n<p>Durante la intervenci\u00f3n militar en cumplimiento al Decreto Ejecutivo N\u00b0 823 del Estado de Excepci\u00f3n por grave conmoci\u00f3n interna de los centros penitenciarios, en el Centro de Privaci\u00f3n de Libertad N.1 Guayas, empleando aproximadamente 1500 efectivos de las Fuerzas Armadas para reestablecer la seguridad y el orden al interior del C.P.L, se realiz\u00f3 el registro en los pabellones de este centro penitenciario, decomisando el siguiente material:<\/p>\n<\/div>\n<\/div>\n<\/div>\n<\/div>\n<div class=\"et_pb_row et_pb_row_1\">\n<div class=\"et_pb_column et_pb_column_1_2 et_pb_column_1 et_pb_css_mix_blend_mode_passthrough\">\n<div class=\"et_pb_module et_pb_text et_pb_text_1 et_pb_text_align_left et_pb_bg_layout_light\">\n<div class=\"et_pb_text_inner\">\n<ul>\n<li>14 fusiles de largo alcance.<\/li>\n<li>223 municiones calibre 5.56 mm.<\/li>\n<li>223 municiones calibre 9 mm.<\/li>\n<li>56 municiones calibre 38 mm.<\/li>\n<li>1500 municiones de diferente calibre.<\/li>\n<li>12 cartuchos de calibre 12 Gauge<\/li>\n<li>23 pistolas calibre 9 mm.<\/li>\n<li>2 rev\u00f3lveres calibre 38 mm.<\/li>\n<li>2 subametralladoras Mini Uzi<\/li>\n<li>1 lanza granadas.<\/li>\n<li>28 alimentadoras.<\/li>\n<li>6 artefacto explosivo tipo artesanal.<\/li>\n<li>3 granadas de mano.<\/li>\n<li>25 tacos de explosivos en gel.<\/li>\n<li>2 granadas de gas.<\/li>\n<li>sustancias sujetas a fiscalizaci\u00f3n, (por determinar peso de coca\u00edna y marihuana.)<\/li>\n<li>Electrodom\u00e9sticos, (tipo tv, ventiladores, aires acondicionados, congeladores, entre otros.)<\/li>\n<li>Herramientas industriales, (tipo amoladoras, taladros, entre otros.)<\/li>\n<li>Armas corto punzantes, (tipo machetes, cuchillos, pu\u00f1ales, entre otros.)<\/li>\n<li>100 terminales m\u00f3viles, (celulares)<\/li>\n<li>5 chalecos bal\u00edsticos.<\/li>\n<li>6 radios de comunicaci\u00f3n interna.<\/li>\n<li>4441 d\u00f3lares americanos en efectivo<\/li>\n<\/ul>\n<\/div>\n<\/div>\n<\/div>\n<div class=\"et_pb_column et_pb_column_1_2 et_pb_column_2 et_pb_css_mix_blend_mode_passthrough et-last-child\">\n<div class=\"et_pb_module et_pb_image et_pb_image_0\"><span class=\"et_pb_image_wrap \"><img loading=\"lazy\" decoding=\"async\" class=\"wp-image-2772\" title=\"F15yGIvWAAs9Pp4\" src=\"http:\/\/www.ccffaa.mil.ec\/wp-content\/uploads\/2023\/07\/F15yGIvWAAs9Pp4.jpg\" sizes=\"(min-width: 0px) and (max-width: 480px) 480px, (min-width: 481px) and (max-width: 980px) 980px, (min-width: 981px) 1129px, 100vw\" srcset=\"https:\/\/www.ccffaa.mil.ec\/wp-content\/uploads\/2023\/07\/F15yGIvWAAs9Pp4.jpg 1129w, https:\/\/www.ccffaa.mil.ec\/wp-content\/uploads\/2023\/07\/F15yGIvWAAs9Pp4-980x570.jpg 980w, https:\/\/www.ccffaa.mil.ec\/wp-content\/uploads\/2023\/07\/F15yGIvWAAs9Pp4-480x279.jpg 480w\" alt=\"\" width=\"757\" height=\"441\" \/><\/span><\/div>\n<div><\/div>\n<div class=\"et_pb_module et_pb_image et_pb_image_1\"><span class=\"et_pb_image_wrap \"><img loading=\"lazy\" decoding=\"async\" class=\"wp-image-2773\" title=\"WhatsApp Image 2023-07-25 at 13.50.57\" src=\"http:\/\/www.ccffaa.mil.ec\/wp-content\/uploads\/2023\/07\/WhatsApp-Image-2023-07-25-at-13.50.57.jpeg\" sizes=\"(min-width: 0px) and (max-width: 480px) 480px, (min-width: 481px) and (max-width: 980px) 980px, (min-width: 981px) 1024px, 100vw\" srcset=\"https:\/\/www.ccffaa.mil.ec\/wp-content\/uploads\/2023\/07\/WhatsApp-Image-2023-07-25-at-13.50.57.jpeg 1024w, https:\/\/www.ccffaa.mil.ec\/wp-content\/uploads\/2023\/07\/WhatsApp-Image-2023-07-25-at-13.50.57-980x735.jpeg 980w, https:\/\/www.ccffaa.mil.ec\/wp-content\/uploads\/2023\/07\/WhatsApp-Image-2023-07-25-at-13.50.57-480x360.jpeg 480w\" alt=\"\" width=\"767\" height=\"575\" \/><\/span><\/div>\n<\/div>\n<\/div>\n<div class=\"et_pb_row et_pb_row_2\">\n<div class=\"et_pb_column et_pb_column_4_4 et_pb_column_3 et_pb_css_mix_blend_mode_passthrough et-last-child\">\n<div class=\"et_pb_module et_pb_text et_pb_text_2 et_pb_text_align_left et_pb_bg_layout_light\">\n<div class=\"et_pb_text_inner\">\n<p>Las Fuerzas Armadas continuar\u00e1n realizando el control en los diferentes Centros de Privaci\u00f3n de Libertad a nivel nacional, para garantizar la seguridad de las personas privadas de libertad y funcionarios en marcados al respeto de los derechos humanos, reafirmando el compromiso de trabajar por el bienestar y seguridad de los 18 millones de ecuatorianos.<\/p>\n<\/div>\n<p><em>S\u00edguenos #LDMnoticias #lodelmomentolojaLDM<\/em><\/p>\n<\/div>\n<\/div>\n<\/div>\n","protected":false},"excerpt":{"rendered":"<p>Con respecto al estado de excepci\u00f3n que rige en todo el Sistema de Rehabilitaci\u00f3n Social,&#8230;<\/p>\n","protected":false},"author":1,"featured_media":16901,"comment_status":"open","ping_status":"open","sticky":false,"template":"","format":"standard","meta":{"footnotes":""},"categories":[1,5],"tags":[],"class_list":["post-16900","post","type-post","status-publish","format-standard","has-post-thumbnail","hentry","category-inicio","category-loja"],"_links":{"self":[{"href":"https:\/\/www.lodelmomentoloja.com\/index.php?rest_route=\/wp\/v2\/posts\/16900"}],"collection":[{"href":"https:\/\/www.lodelmomentoloja.com\/index.php?rest_route=\/wp\/v2\/posts"}],"about":[{"href":"https:\/\/www.lodelmomentoloja.com\/index.php?rest_route=\/wp\/v2\/types\/post"}],"author":[{"embeddable":true,"href":"https:\/\/www.lodelmomentoloja.com\/index.php?rest_route=\/wp\/v2\/users\/1"}],"replies":[{"embeddable":true,"href":"https:\/\/www.lodelmomentoloja.com\/index.php?rest_route=%2Fwp%2Fv2%2Fcomments&post=16900"}],"version-history":[{"count":1,"href":"https:\/\/www.lodelmomentoloja.com\/index.php?rest_route=\/wp\/v2\/posts\/16900\/revisions"}],"predecessor-version":[{"id":16902,"href":"https:\/\/www.lodelmomentoloja.com\/index.php?rest_route=\/wp\/v2\/posts\/16900\/revisions\/16902"}],"wp:featuredmedia":[{"embeddable":true,"href":"https:\/\/www.lodelmomentoloja.com\/index.php?rest_route=\/wp\/v2\/media\/16901"}],"wp:attachment":[{"href":"https:\/\/www.lodelmomentoloja.com\/index.php?rest_route=%2Fwp%2Fv2%2Fmedia&parent=16900"}],"wp:term":[{"taxonomy":"category","embeddable":true,"href":"https:\/\/www.lodelmomentoloja.com\/index.php?rest_route=%2Fwp%2Fv2%2Fcategories&post=16900"},{"taxonomy":"post_tag","embeddable":true,"href":"https:\/\/www.lodelmomentoloja.com\/index.php?rest_route=%2Fwp%2Fv2%2Ftags&post=16900"}],"curies":[{"name":"wp","href":"https:\/\/api.w.org\/{rel}","templated":true}]}}