{"id":16872,"date":"2023-07-25T09:45:32","date_gmt":"2023-07-25T09:45:32","guid":{"rendered":"https:\/\/www.lodelmomentoloja.com\/?p=16872"},"modified":"2023-07-25T15:55:33","modified_gmt":"2023-07-25T15:55:33","slug":"policias-y-militares-retomaron-control-de-la-penitenciaria","status":"publish","type":"post","link":"https:\/\/www.lodelmomentoloja.com\/?p=16872","title":{"rendered":"Polic\u00edas y militares retomaron control de la Penitenciar\u00eda."},"content":{"rendered":"<p>Luego de tres d\u00edas de enfrentamientos, las autoridades lograron retomar el control completo en la Penitenciar\u00eda del Litoral, ubicada en el complejo de c\u00e1rceles en el norte de Guayaquil.<\/p>\n<p>La ma\u00f1ana de este 25 de julio 2023, desde la cuenta de Twitter del Ministro del Interior Juan Zapata, inform\u00f3 que polic\u00edas y militares han retomado el control de las c\u00e1rceles del pa\u00eds luego de una gran revuelta que se produjo el fin de semana.<\/p>\n<blockquote class=\"twitter-tweet\" data-width=\"550\" data-dnt=\"true\">\n<p lang=\"es\" dir=\"ltr\">Las fuerzas del orden toman el control de los centros de privaci\u00f3n de la libertad. <\/p>\n<p>Debemos unirnos m\u00e1s que nunca para combatir las amenazas que enfrenta el Estado.<\/p>\n<p>Tendr\u00e1n respuestas contundentes de <a href=\"https:\/\/twitter.com\/PoliciaEcuador?ref_src=twsrc%5Etfw\">@PoliciaEcuador<\/a> y <a href=\"https:\/\/twitter.com\/FFAAECUADOR?ref_src=twsrc%5Etfw\">@FFAAECUADOR<\/a>.<a href=\"https:\/\/twitter.com\/hashtag\/NuestroTrabajoContin%C3%BAa?src=hash&amp;ref_src=twsrc%5Etfw\">#NuestroTrabajoContin\u00faa<\/a> <a href=\"https:\/\/t.co\/bt2NUyF9h4\">pic.twitter.com\/bt2NUyF9h4<\/a><\/p>\n<p>&mdash; Juan Zapata (@CapiZapataEC) <a href=\"https:\/\/twitter.com\/CapiZapataEC\/status\/1683838583600480256?ref_src=twsrc%5Etfw\">July 25, 2023<\/a><\/p><\/blockquote>\n<p><script async src=\"https:\/\/platform.twitter.com\/widgets.js\" charset=\"utf-8\"><\/script><\/p>\n<p>Minutos m\u00e1s tarde, el presidente de la rep\u00fablica comunic\u00f3 algo similar de Zapata, asegurando que la Penitenciar\u00eda del Litoral est\u00e1 bajo control.<\/p>\n<blockquote class=\"twitter-tweet\" data-width=\"550\" data-dnt=\"true\">\n<p lang=\"es\" dir=\"ltr\">El Estado pone orden en la Penitenciaria del Litoral porque la fuerza coercitiva jam\u00e1s se doblegar\u00e1. Hoy, en la madrugada, iniciamos la intervenci\u00f3n, luego de emitir el estado de excepci\u00f3n en el sistema carcelario con el Decreto 823.<a href=\"https:\/\/twitter.com\/hashtag\/NuestroTrabajoContin%C3%BAa?src=hash&amp;ref_src=twsrc%5Etfw\">#NuestroTrabajoContin\u00faa<\/a> <a href=\"https:\/\/t.co\/umx7AnGyO2\">pic.twitter.com\/umx7AnGyO2<\/a><\/p>\n<p>&mdash; Guillermo Lasso (@LassoGuillermo) <a href=\"https:\/\/twitter.com\/LassoGuillermo\/status\/1683857205760516099?ref_src=twsrc%5Etfw\">July 25, 2023<\/a><\/p><\/blockquote>\n<p><script async src=\"https:\/\/platform.twitter.com\/widgets.js\" charset=\"utf-8\"><\/script><\/p>\n<p><em>S\u00edguenos #LDMnoticias \u00f3 #lodelmomentolojaLDM<\/em><\/p>\n","protected":false},"excerpt":{"rendered":"<p>Luego de tres d\u00edas de enfrentamientos, las autoridades lograron retomar el control completo en la&#8230;<\/p>\n","protected":false},"author":1,"featured_media":16873,"comment_status":"open","ping_status":"open","sticky":false,"template":"","format":"standard","meta":{"footnotes":""},"categories":[1,5],"tags":[],"class_list":["post-16872","post","type-post","status-publish","format-standard","has-post-thumbnail","hentry","category-inicio","category-loja"],"_links":{"self":[{"href":"https:\/\/www.lodelmomentoloja.com\/index.php?rest_route=\/wp\/v2\/posts\/16872"}],"collection":[{"href":"https:\/\/www.lodelmomentoloja.com\/index.php?rest_route=\/wp\/v2\/posts"}],"about":[{"href":"https:\/\/www.lodelmomentoloja.com\/index.php?rest_route=\/wp\/v2\/types\/post"}],"author":[{"embeddable":true,"href":"https:\/\/www.lodelmomentoloja.com\/index.php?rest_route=\/wp\/v2\/users\/1"}],"replies":[{"embeddable":true,"href":"https:\/\/www.lodelmomentoloja.com\/index.php?rest_route=%2Fwp%2Fv2%2Fcomments&post=16872"}],"version-history":[{"count":1,"href":"https:\/\/www.lodelmomentoloja.com\/index.php?rest_route=\/wp\/v2\/posts\/16872\/revisions"}],"predecessor-version":[{"id":16874,"href":"https:\/\/www.lodelmomentoloja.com\/index.php?rest_route=\/wp\/v2\/posts\/16872\/revisions\/16874"}],"wp:featuredmedia":[{"embeddable":true,"href":"https:\/\/www.lodelmomentoloja.com\/index.php?rest_route=\/wp\/v2\/media\/16873"}],"wp:attachment":[{"href":"https:\/\/www.lodelmomentoloja.com\/index.php?rest_route=%2Fwp%2Fv2%2Fmedia&parent=16872"}],"wp:term":[{"taxonomy":"category","embeddable":true,"href":"https:\/\/www.lodelmomentoloja.com\/index.php?rest_route=%2Fwp%2Fv2%2Fcategories&post=16872"},{"taxonomy":"post_tag","embeddable":true,"href":"https:\/\/www.lodelmomentoloja.com\/index.php?rest_route=%2Fwp%2Fv2%2Ftags&post=16872"}],"curies":[{"name":"wp","href":"https:\/\/api.w.org\/{rel}","templated":true}]}}