{"id":16860,"date":"2023-07-24T15:52:57","date_gmt":"2023-07-24T15:52:57","guid":{"rendered":"https:\/\/www.lodelmomentoloja.com\/?p=16860"},"modified":"2023-07-24T21:55:04","modified_gmt":"2023-07-24T21:55:04","slug":"provincias-de-ecuador-en-estado-de-excepcion","status":"publish","type":"post","link":"https:\/\/www.lodelmomentoloja.com\/?p=16860","title":{"rendered":"Provincias de Ecuador en estado de excepci\u00f3n"},"content":{"rendered":"<p dir=\"ltr\">\ud83d\ude31\ud83d\udea8\ud83e\udd7a \u00a1Por grave conmoci\u00f3n interna! El 24 de julio de 2023, el presidente Lasso decret\u00f3 el estado de excepci\u00f3n en las provincias de Manab\u00ed, Los R\u00edos y el cant\u00f3n Dur\u00e1n ( del Guayas). Este anuncio lo hizo con el Comit\u00e9 de Seguridad que se instala luego del asesinato del alcalde de Manta, Agust\u00edn Intriago.<\/p>\n<p dir=\"ltr\">Este decreto ejecutivo No 824 que declara a las zonas en estado de excepci\u00f3n, se incluye toque de queda en las dos provincias y en el cant\u00f3n Dur\u00e1n, que ser\u00e1 de 22:00 a 05:00. Por su lado, el presidente manifest\u00f3 que en conjunto con Polic\u00eda Nacional y Fuerzas Armadas actuar\u00e1n con mayor contundencia y de ser necesario, el arma de dotaci\u00f3n para someter a la delincuencia.<\/p>\n<p dir=\"ltr\">En ese sentido, ya se dispuso que aumenten m\u00e1s polic\u00edas en Dur\u00e1n, pasando de 470 a 1.200 elementos, puesto que ah\u00ed se registran m\u00e1s muertes violentas y balaceras en general.<\/p>\n<p dir=\"ltr\">S\u00edguenos #LDMnoticias #lodelmomentolojaLDM<\/p>\n","protected":false},"excerpt":{"rendered":"<p>\ud83d\ude31\ud83d\udea8\ud83e\udd7a \u00a1Por grave conmoci\u00f3n interna! El 24 de julio de 2023, el presidente Lasso decret\u00f3&#8230;<\/p>\n","protected":false},"author":1,"featured_media":16861,"comment_status":"open","ping_status":"open","sticky":false,"template":"","format":"standard","meta":{"footnotes":""},"categories":[7,1],"tags":[],"class_list":["post-16860","post","type-post","status-publish","format-standard","has-post-thumbnail","hentry","category-ecuador","category-inicio"],"_links":{"self":[{"href":"https:\/\/www.lodelmomentoloja.com\/index.php?rest_route=\/wp\/v2\/posts\/16860"}],"collection":[{"href":"https:\/\/www.lodelmomentoloja.com\/index.php?rest_route=\/wp\/v2\/posts"}],"about":[{"href":"https:\/\/www.lodelmomentoloja.com\/index.php?rest_route=\/wp\/v2\/types\/post"}],"author":[{"embeddable":true,"href":"https:\/\/www.lodelmomentoloja.com\/index.php?rest_route=\/wp\/v2\/users\/1"}],"replies":[{"embeddable":true,"href":"https:\/\/www.lodelmomentoloja.com\/index.php?rest_route=%2Fwp%2Fv2%2Fcomments&post=16860"}],"version-history":[{"count":1,"href":"https:\/\/www.lodelmomentoloja.com\/index.php?rest_route=\/wp\/v2\/posts\/16860\/revisions"}],"predecessor-version":[{"id":16862,"href":"https:\/\/www.lodelmomentoloja.com\/index.php?rest_route=\/wp\/v2\/posts\/16860\/revisions\/16862"}],"wp:featuredmedia":[{"embeddable":true,"href":"https:\/\/www.lodelmomentoloja.com\/index.php?rest_route=\/wp\/v2\/media\/16861"}],"wp:attachment":[{"href":"https:\/\/www.lodelmomentoloja.com\/index.php?rest_route=%2Fwp%2Fv2%2Fmedia&parent=16860"}],"wp:term":[{"taxonomy":"category","embeddable":true,"href":"https:\/\/www.lodelmomentoloja.com\/index.php?rest_route=%2Fwp%2Fv2%2Fcategories&post=16860"},{"taxonomy":"post_tag","embeddable":true,"href":"https:\/\/www.lodelmomentoloja.com\/index.php?rest_route=%2Fwp%2Fv2%2Ftags&post=16860"}],"curies":[{"name":"wp","href":"https:\/\/api.w.org\/{rel}","templated":true}]}}