{"id":16707,"date":"2023-07-14T12:33:20","date_gmt":"2023-07-14T12:33:20","guid":{"rendered":"https:\/\/www.lodelmomentoloja.com\/?p=16707"},"modified":"2023-07-14T17:35:56","modified_gmt":"2023-07-14T17:35:56","slug":"jugador-dele-alli-y-sus-estremecedoras-confesiones","status":"publish","type":"post","link":"https:\/\/www.lodelmomentoloja.com\/?p=16707","title":{"rendered":"Jugador Dele Alli y sus estremecedoras confesiones"},"content":{"rendered":"<p>Conmovi\u00f3 al mundo al dar entrevista a Gari Neville, Dele Alli, mediocampista del Everton de la Premier League de Inglaterra, para SKY Bet con sus reveladoras confesiones en las que destap\u00f3 sus traumas de la infancia como abuso sexual y drogas.<\/p>\n<p>Envuelto por la tristeza que le provocaba recordar aquella \u00e9poca de su vida, el jugador manifest\u00f3 que le daba medio hablar de ello, pero era el momento de hacerlo.<\/p>\n<p>El comentarista y exfutbolista del Manchester United, Gary Neville no pudo contener las l\u00e1grimas ante tan dolorosa revelaci\u00f3n.<\/p>\n<p>\u201cEl trauma es el trauma y tu cuerpo lo sabe de la misma manera sin importar nada. Si supieras de mi vida entender\u00edas un poco m\u00e1s. Quiero ayudar a las personas a que sepan que no est\u00e1n solas sobre lo que sienten y pedir ayuda no te hace d\u00e9bil\u201d, confes\u00f3.<\/p>\n<p>Alli fue una de las estrellas del Tottenham. Actualmente, milita en el Everton, al que lleg\u00f3 en enero de 2022, pero estuvo cedido en el Besiktas, finalmente volvi\u00f3 en abril al club de Goodison Park. En 37 a\u00f1os tiene 3 goles marcados, pero desde 2019 no ha sido convocado para la selecci\u00f3n.<\/p>\n<p>Pese a que hoy en d\u00eda es una de las grandes estrellas del f\u00fatbol, la fama y el dinero no han borrado las heridas que le causaron. Su revelaci\u00f3n ha sido considerada un acto de valent\u00eda ante las situaciones que muchos prefieren callar. Este caso nos demuestra que no existen clases sociales cuando hay experiencias que te marcan de por vida.<\/p>\n<p>www.lodelmomentoloja.com<\/p>\n<p>#LDMnoticias #lodelmomentolojaLDM<\/p>\n","protected":false},"excerpt":{"rendered":"<p>Conmovi\u00f3 al mundo al dar entrevista a Gari Neville, Dele Alli, mediocampista del Everton de&#8230;<\/p>\n","protected":false},"author":1,"featured_media":16708,"comment_status":"open","ping_status":"open","sticky":false,"template":"","format":"standard","meta":{"footnotes":""},"categories":[7,1,4],"tags":[],"class_list":["post-16707","post","type-post","status-publish","format-standard","has-post-thumbnail","hentry","category-ecuador","category-inicio","category-internacional"],"_links":{"self":[{"href":"https:\/\/www.lodelmomentoloja.com\/index.php?rest_route=\/wp\/v2\/posts\/16707"}],"collection":[{"href":"https:\/\/www.lodelmomentoloja.com\/index.php?rest_route=\/wp\/v2\/posts"}],"about":[{"href":"https:\/\/www.lodelmomentoloja.com\/index.php?rest_route=\/wp\/v2\/types\/post"}],"author":[{"embeddable":true,"href":"https:\/\/www.lodelmomentoloja.com\/index.php?rest_route=\/wp\/v2\/users\/1"}],"replies":[{"embeddable":true,"href":"https:\/\/www.lodelmomentoloja.com\/index.php?rest_route=%2Fwp%2Fv2%2Fcomments&post=16707"}],"version-history":[{"count":1,"href":"https:\/\/www.lodelmomentoloja.com\/index.php?rest_route=\/wp\/v2\/posts\/16707\/revisions"}],"predecessor-version":[{"id":16709,"href":"https:\/\/www.lodelmomentoloja.com\/index.php?rest_route=\/wp\/v2\/posts\/16707\/revisions\/16709"}],"wp:featuredmedia":[{"embeddable":true,"href":"https:\/\/www.lodelmomentoloja.com\/index.php?rest_route=\/wp\/v2\/media\/16708"}],"wp:attachment":[{"href":"https:\/\/www.lodelmomentoloja.com\/index.php?rest_route=%2Fwp%2Fv2%2Fmedia&parent=16707"}],"wp:term":[{"taxonomy":"category","embeddable":true,"href":"https:\/\/www.lodelmomentoloja.com\/index.php?rest_route=%2Fwp%2Fv2%2Fcategories&post=16707"},{"taxonomy":"post_tag","embeddable":true,"href":"https:\/\/www.lodelmomentoloja.com\/index.php?rest_route=%2Fwp%2Fv2%2Ftags&post=16707"}],"curies":[{"name":"wp","href":"https:\/\/api.w.org\/{rel}","templated":true}]}}