{"id":1668,"date":"2021-01-07T07:00:48","date_gmt":"2021-01-07T07:00:48","guid":{"rendered":"http:\/\/www.lodelmomentoloja.com\/?p=1668"},"modified":"2021-01-10T17:00:20","modified_gmt":"2021-01-10T17:00:20","slug":"1668","status":"publish","type":"post","link":"https:\/\/www.lodelmomentoloja.com\/?p=1668","title":{"rendered":"RESPALDAN A PERIODISTAS"},"content":{"rendered":"<p>La Junta Cantonal de Protecci\u00f3n de Derechos de Grupos de Atenci\u00f3n Prioritaria del Cant\u00f3n Calvas en Loja orden\u00f3 medidas que atentan contra el trabajo period\u00edstico y la libertad de expresi\u00f3n de los periodistas Eduardo Loaiza de Cariamanga TV y Jos\u00e9 Daniel Rengel de Radio Zapotillo.<\/p>\n<p>El tr\u00e1mite Administrativo 00191-JCPDGAP-C-2020\u00a0 de la Junta Cantonal se\u00f1ala que el mi\u00e9rcoles 16 de diciembre del 2020 conocieron la denuncia presentada por Yohanna Rosal\u00ed Carri\u00f3n Bravo, directora del Ministerio de Inclusi\u00f3n Econ\u00f3mica y Social (MIES) de Calvas, quien se\u00f1al\u00f3 que d\u00edas atr\u00e1s unos amigos le festejaron un cumplea\u00f1os en un centro de diversi\u00f3n y que el periodista Jos\u00e9 Daniel Rengel hizo alusi\u00f3n a \u201cque bailo muy bien el reggat\u00f3n, lo cual aumenta el morbo de sus intervenciones radiales\u201d. Asimismo Eduardo Loaiza Lima hizo eco de estos comentarios sexistas.<\/p>\n<p>La funcionaria sostuvo en la denuncia que estos comentarios alusivos a su vida privada, denigran su honra, buen nombre y le han causado un grave da\u00f1o moral. Con estos antecedentes la\u00a0 Junta Cantonal de Protecci\u00f3n de Derechos Grupos de Atenci\u00f3n Prioritaria dispuso: boleta de auxilio, orden de restricci\u00f3n de acercamiento en favor de Carri\u00f3n, la instalaci\u00f3n de un bot\u00f3n de emergencia y la prohibici\u00f3n de que los periodistas realicen actos intimidatorios por su cuenta o la de terceros.<\/p>\n<p>El 23 de diciembre del 2020 la Juez Lethy Paccha Soto, de la Unidad Judicial Multicompetente del Cant\u00f3n Calvas, ratific\u00f3 estas medidas y orden\u00f3 realizar un seguimiento para \u201cverificar la rectificaci\u00f3n de las conductas\u201d.<\/p>\n<p>Rengel asegur\u00f3 a Fundamedios que como periodistas denunciaron un caso de corrupci\u00f3n ya que se solicit\u00f3 una cuota a los funcionarios del MIES para organizar la fiesta de cumplea\u00f1os y comprarle un regalo a la funcionaria p\u00fablica: \u201cmis palabras fueron descontextualizadas y lo que se pretende es tapar las picard\u00edas que realizan. Adem\u00e1s se genera un terrible precedente para la libertad de expresi\u00f3n pues amparado en la violencia de g\u00e9nero se pretende que las investigaciones no contin\u00faen\u201d.<\/p>\n<p>Loaiza asegur\u00f3 en cambio que las medidas ratificadas por un Juez en Loja son desproporcionadas y generan un estigma al acusarlos de violencia de g\u00e9nero: \u201crespeto mucho a la mujer porque soy padre de familia y docente, jam\u00e1s he agredido verbalmente a una mujer. \u00bfQu\u00e9 van a decir mi hijas y mi madre al saber que tengo una boleta de auxilio por violencia de g\u00e9nero? Me est\u00e1n causando un da\u00f1o al acusarme y eso genera un estigma en mi contra\u201d.<\/p>\n<p>Junto con su abogado presentar\u00e1 en los pr\u00f3ximos d\u00edas un pedido de revisi\u00f3n de estas medidas ya que las considera exageradas: \u201catentan contra nuestra libertad de expresi\u00f3n y la capacidad de realizar un trabajo period\u00edstico serio adem\u00e1s crean un precedente nefasto pues, bajo el discurso de violencia de g\u00e9nero, no se podr\u00e1 investigar a funcionarias\u201d.<\/p>\n<p>Las Juntas Cantonales de Protecci\u00f3n Integral de Derechos, son \u00f3rganos del nivel operativo, que tienen como funci\u00f3n p\u00fablica la protecci\u00f3n de los derechos individuales y colectivos de las personas o grupos de Atenci\u00f3n Prioritaria que se conforman por \u2018personas adultas mayores, ni\u00f1as, ni\u00f1os y adolescentes, mujeres embarazadas, personas con discapacidad, personas privadas de libertad y quienes adolezcan de enfermedades catastr\u00f3ficas o de alta complejidad\u2019,\u00a0el Alcalde o Alcaldesa ser\u00e1 su representante legal.<\/p>\n<p>Fundamedios solicit\u00f3 la versi\u00f3n de la\u00a0Junta Cantonal de Protecci\u00f3n de Derechos de Grupos de Atenci\u00f3n Prioritaria del Cant\u00f3n Calvas y se encuentra a la espera de una respuesta.<\/p>\n<p>Fundamedios rechaza en\u00e9rgicamente la decisi\u00f3n de la Junta Cantonal de Protecci\u00f3n de Derechos de Grupos de Atenci\u00f3n Prioritaria del Cant\u00f3n Calvas y la ratificaci\u00f3n por parte de la Justicia ya que se atenta contra la libertad de prensa y de expresi\u00f3n, adem\u00e1s, se desnaturaliza a los Grupos de Atenci\u00f3n Prioritaria, en la cual los servidores p\u00fablicos, no est\u00e1n considerados.<\/p>\n<div class=\"clear \"><\/div>\n<div class=\"span8 column_container td-no-pagination\" role=\"main\">\n<div class=\"td-page-text-content\">\n<div class=\"clear \"><\/div>\n<\/div>\n<\/div>\n<p>&nbsp;<\/p>\n<div id=\"alerta-mapa\"><\/div>\n<p>&nbsp;<\/p>\n<div class=\"td-social-sharing\">\n<div class=\"td-tags-and-social-wrapper-box \"><\/div>\n<\/div>\n[\/fsn_text][\/fsn_column][\/fsn_row]\n","protected":false},"excerpt":{"rendered":"<p>La Junta Cantonal de Protecci\u00f3n de Derechos de Grupos de Atenci\u00f3n Prioritaria del Cant\u00f3n Calvas&#8230;<\/p>\n","protected":false},"author":1,"featured_media":1669,"comment_status":"open","ping_status":"open","sticky":false,"template":"","format":"standard","meta":{"footnotes":""},"categories":[7,5],"tags":[],"class_list":["post-1668","post","type-post","status-publish","format-standard","has-post-thumbnail","hentry","category-ecuador","category-loja"],"_links":{"self":[{"href":"https:\/\/www.lodelmomentoloja.com\/index.php?rest_route=\/wp\/v2\/posts\/1668"}],"collection":[{"href":"https:\/\/www.lodelmomentoloja.com\/index.php?rest_route=\/wp\/v2\/posts"}],"about":[{"href":"https:\/\/www.lodelmomentoloja.com\/index.php?rest_route=\/wp\/v2\/types\/post"}],"author":[{"embeddable":true,"href":"https:\/\/www.lodelmomentoloja.com\/index.php?rest_route=\/wp\/v2\/users\/1"}],"replies":[{"embeddable":true,"href":"https:\/\/www.lodelmomentoloja.com\/index.php?rest_route=%2Fwp%2Fv2%2Fcomments&post=1668"}],"version-history":[{"count":2,"href":"https:\/\/www.lodelmomentoloja.com\/index.php?rest_route=\/wp\/v2\/posts\/1668\/revisions"}],"predecessor-version":[{"id":1728,"href":"https:\/\/www.lodelmomentoloja.com\/index.php?rest_route=\/wp\/v2\/posts\/1668\/revisions\/1728"}],"wp:featuredmedia":[{"embeddable":true,"href":"https:\/\/www.lodelmomentoloja.com\/index.php?rest_route=\/wp\/v2\/media\/1669"}],"wp:attachment":[{"href":"https:\/\/www.lodelmomentoloja.com\/index.php?rest_route=%2Fwp%2Fv2%2Fmedia&parent=1668"}],"wp:term":[{"taxonomy":"category","embeddable":true,"href":"https:\/\/www.lodelmomentoloja.com\/index.php?rest_route=%2Fwp%2Fv2%2Fcategories&post=1668"},{"taxonomy":"post_tag","embeddable":true,"href":"https:\/\/www.lodelmomentoloja.com\/index.php?rest_route=%2Fwp%2Fv2%2Ftags&post=1668"}],"curies":[{"name":"wp","href":"https:\/\/api.w.org\/{rel}","templated":true}]}}