{"id":16673,"date":"2023-07-13T09:00:31","date_gmt":"2023-07-13T09:00:31","guid":{"rendered":"https:\/\/www.lodelmomentoloja.com\/?p=16673"},"modified":"2023-07-13T15:38:27","modified_gmt":"2023-07-13T15:38:27","slug":"once-candidaturas-a-la-asamblea-por-loja-en-las-elecciones-anticipadas-2023","status":"publish","type":"post","link":"https:\/\/www.lodelmomentoloja.com\/?p=16673","title":{"rendered":"Once candidaturas a la asamblea por Loja en las elecciones anticipadas 2023."},"content":{"rendered":"<p><strong>ENTREVISTA A SANDRA JIM\u00c9NEZ &#8211; PRESIDENTA DE LA JUNTA ELECTORAL DE LOJA.<\/strong><\/p>\n<div style=\"width: 640px;\" class=\"wp-video\"><!--[if lt IE 9]><script>document.createElement('video');<\/script><![endif]-->\n<video class=\"wp-video-shortcode\" id=\"video-16673-1\" width=\"640\" height=\"360\" preload=\"metadata\" controls=\"controls\"><source type=\"video\/mp4\" src=\"http:\/\/www.lodelmomentoloja.com\/wp-content\/uploads\/2023\/07\/InShot_20230713_100027036.mp4?_=1\" \/><a href=\"http:\/\/www.lodelmomentoloja.com\/wp-content\/uploads\/2023\/07\/InShot_20230713_100027036.mp4\">http:\/\/www.lodelmomentoloja.com\/wp-content\/uploads\/2023\/07\/InShot_20230713_100027036.mp4<\/a><\/video><\/div>\n<p>En entrevista a Sandra Rodr\u00edguez, presidenta de la Junta Provincial Electoral, once organizaciones pol\u00edticas quedaron en firme para ser parte de la papeleta electoral para estar en representaci\u00f3n de la provincia de Loja a la Asamblea Nacional, cumpliendo as\u00ed con el calendario electoral para las Elecciones Presidenciales y Legislativas Anticipadas de 2023.<\/p>\n<h4>\u00bfCu\u00e1les son los candidatos por la provincia de Loja?<\/h4>\n<p><strong>Movimiento ARE 61:<\/strong> Jos\u00e9 Bol\u00edvar Castillo, Jessica Pinargote, Lenin Armijos y Nathaly Gaona.<\/p>\n<p><strong>Construye 25:<\/strong> Humberto Tapia, Melva Encarnaci\u00f3n, Luis Cordero y Mar\u00eda del Roc\u00edo Buele.<\/p>\n<p><strong>Alianza Claro:<\/strong> Dayana Pucha, Ramiro Carri\u00f3n, Janella Aguirre y Pablo Sigcho.<\/p>\n<p><strong>PSC 6:<\/strong> Nilo C\u00f3rdova, Ana Cuenca, Fredy Gallegos y Paulette G\u00e1lvez.<\/p>\n<p><strong>Alianza Actuemos:<\/strong> Rafael D\u00e1vila, Ximena Valdivieso, Eduardo Jaramillo y Karina Pe\u00f1a.<\/p>\n<p><strong>Revoluci\u00f3n Ciudadana 5:<\/strong> Johanna Ortiz, C\u00e9sar Costa, Silvana Chac\u00f3n y Dalton Maridue\u00f1a.<\/p>\n<p><strong>Centro Democr\u00e1tico 1:<\/strong> Juan Andr\u00e9s Gonz\u00e1lez, Margeory Correa, Gonzalo Gonz\u00e1lez y Alexandra Granda.<\/p>\n<p><strong>Pachakutik 18:<\/strong> Jos\u00e9 Sarango, Mariana Qhishpe, Jos\u00e9 Santill\u00e1n Vera y Melissa Guam\u00e1n.<\/p>\n<p><strong>Renovaci\u00f3n Total 33:<\/strong> Auria Villavicencio, Vicente C\u00e1rdenas, Karina Arias y Manuel Iv\u00e1n.<\/p>\n<p><strong>Amigo 16:<\/strong> Yadira Flores, Homer Loaiza, Valeria Apolo y Hugo Salcedo.<\/p>\n<p><strong>Alianza Acci\u00f3n Democr\u00e1tica:<\/strong> Jorge Guevara, Maritza Jumbo, Renson Ontaneda y Angie Flores.<\/p>\n<p>&nbsp;<\/p>\n<p>&nbsp;<\/p>\n<p>S\u00edguenos #LDMnoticias \u00f3 #lodelmomentolojaLDM<\/p>\n","protected":false},"excerpt":{"rendered":"<p>ENTREVISTA A SANDRA JIM\u00c9NEZ &#8211; PRESIDENTA DE LA JUNTA ELECTORAL DE LOJA. En entrevista a&#8230;<\/p>\n","protected":false},"author":1,"featured_media":16678,"comment_status":"open","ping_status":"open","sticky":false,"template":"","format":"standard","meta":{"footnotes":""},"categories":[7,1,5],"tags":[],"class_list":["post-16673","post","type-post","status-publish","format-standard","has-post-thumbnail","hentry","category-ecuador","category-inicio","category-loja"],"_links":{"self":[{"href":"https:\/\/www.lodelmomentoloja.com\/index.php?rest_route=\/wp\/v2\/posts\/16673"}],"collection":[{"href":"https:\/\/www.lodelmomentoloja.com\/index.php?rest_route=\/wp\/v2\/posts"}],"about":[{"href":"https:\/\/www.lodelmomentoloja.com\/index.php?rest_route=\/wp\/v2\/types\/post"}],"author":[{"embeddable":true,"href":"https:\/\/www.lodelmomentoloja.com\/index.php?rest_route=\/wp\/v2\/users\/1"}],"replies":[{"embeddable":true,"href":"https:\/\/www.lodelmomentoloja.com\/index.php?rest_route=%2Fwp%2Fv2%2Fcomments&post=16673"}],"version-history":[{"count":1,"href":"https:\/\/www.lodelmomentoloja.com\/index.php?rest_route=\/wp\/v2\/posts\/16673\/revisions"}],"predecessor-version":[{"id":16679,"href":"https:\/\/www.lodelmomentoloja.com\/index.php?rest_route=\/wp\/v2\/posts\/16673\/revisions\/16679"}],"wp:featuredmedia":[{"embeddable":true,"href":"https:\/\/www.lodelmomentoloja.com\/index.php?rest_route=\/wp\/v2\/media\/16678"}],"wp:attachment":[{"href":"https:\/\/www.lodelmomentoloja.com\/index.php?rest_route=%2Fwp%2Fv2%2Fmedia&parent=16673"}],"wp:term":[{"taxonomy":"category","embeddable":true,"href":"https:\/\/www.lodelmomentoloja.com\/index.php?rest_route=%2Fwp%2Fv2%2Fcategories&post=16673"},{"taxonomy":"post_tag","embeddable":true,"href":"https:\/\/www.lodelmomentoloja.com\/index.php?rest_route=%2Fwp%2Fv2%2Ftags&post=16673"}],"curies":[{"name":"wp","href":"https:\/\/api.w.org\/{rel}","templated":true}]}}