{"id":16670,"date":"2023-07-13T08:32:21","date_gmt":"2023-07-13T08:32:21","guid":{"rendered":"https:\/\/www.lodelmomentoloja.com\/?p=16670"},"modified":"2023-07-13T14:32:41","modified_gmt":"2023-07-13T14:32:41","slug":"adelantan-la-campana-electoral-de-las-elecciones-anticipadas-2023","status":"publish","type":"post","link":"https:\/\/www.lodelmomentoloja.com\/?p=16670","title":{"rendered":"Adelantan la campa\u00f1a electoral de las elecciones anticipadas 2023"},"content":{"rendered":"<p class=\"tmzr-el\">El Consejo Nacional Electoral (CNE) resolvi\u00f3 este mi\u00e9rcoles 12 de julio de 2023 en horas de la noche <strong>ampliar en m\u00e1s de un mes la campa\u00f1a electoral<\/strong>\u00a0para los comicios presidenciales extraordinarios del pr\u00f3ximo 20 de agosto, cuyo periodo se extender\u00e1 del 13 de julio al 17 de agosto.<\/p>\n<p class=\"tmzr-el\">En un primer momento, el CNE hab\u00eda fijado un periodo de campa\u00f1a\u00a0<strong>entre el 8 y el 17 de agosto<\/strong>, pero por pedido de los grupos pol\u00edticos inmersos en el proceso y para propiciar un mayor conocimiento de los ciudadanos de los planes de gobierno de los postulantes, el pleno del organismo resolvi\u00f3 ampliar dicho plazo, <strong>es decir, solo en los presidenciales podr\u00e1 ser m\u00e1s extensa la campa\u00f1a.<\/strong><\/p>\n<p class=\"tmzr-el\">Con tres votos a favor y dos abstenciones, el pleno del CNE actualiz\u00f3 el \u00abCalendario Electoral y el Plan Operativo de las Elecciones Anticipadas\u00bb y ampli\u00f3 a 36 d\u00edas el periodo de la campa\u00f1a, que en principio era de apenas nueve jornadas.<\/p>\n<p class=\"tmzr-el\">La decisi\u00f3n obedeci\u00f3 tambi\u00e9n a que el Tribunal Contencioso Electoral (TCE) certific\u00f3 la inscripci\u00f3n de los ocho candidatos presidenciales.<\/p>\n<h4>LOS CANDIDATOS PRESIDENCIALES.<\/h4>\n<ul>\n<li class=\"bullet\">Yaku P\u00e9rez y Nory Pinela, por la Alianza Claro que se Puede (2-17-20)<\/li>\n<li class=\"bullet\">Daniel Noboa y Ver\u00f3nica Abad, por la Alianza Acci\u00f3n Democr\u00e1tica Nacional ADN (4-35)<\/li>\n<li class=\"bullet\">Luisa Gonz\u00e1lez y Andr\u00e9s Arauz, por el Movimiento Pol\u00edtico Revoluci\u00f3n Ciudada (5)<\/li>\n<li class=\"bullet\">Jan Topic y Diana J\u00e1come por la Alianza por un Pa\u00eds sin Miedo (6-3-1)<\/li>\n<li class=\"bullet\">Otto Sonnenholzner y \u00c9rika Paredes, por la Alianza Actuemos (8-23)<\/li>\n<li class=\"bullet\">Bol\u00edvar Armijos y Linda Romero, por el Movimiento Amigo (16)<\/li>\n<li class=\"bullet\">Fernando Villavicencio y Andrea Gonz\u00e1lez por el Movimiento Construye (25)<\/li>\n<li class=\"bullet\">Xavier Hervas y Luz Marina Vega por el Movimiento Reto (33).<\/li>\n<\/ul>\n<p class=\"tmzr-el\">El CNE aclar\u00f3 que la <strong>campa\u00f1a electoral para designar a los integrantes de la Asamblea Nacional (Parlamento) se mantendr\u00e1 entre el 8 y el 17 de agosto 2023.<\/strong><\/p>\n<p>&nbsp;<\/p>\n<p><em>S\u00edguenos #LDMnoticias \u00f3 #lodelmomentolojaLDM<\/em><\/p>\n","protected":false},"excerpt":{"rendered":"<p>El Consejo Nacional Electoral (CNE) resolvi\u00f3 este mi\u00e9rcoles 12 de julio de 2023 en horas&#8230;<\/p>\n","protected":false},"author":1,"featured_media":16671,"comment_status":"open","ping_status":"open","sticky":false,"template":"","format":"standard","meta":{"footnotes":""},"categories":[7,1],"tags":[],"class_list":["post-16670","post","type-post","status-publish","format-standard","has-post-thumbnail","hentry","category-ecuador","category-inicio"],"_links":{"self":[{"href":"https:\/\/www.lodelmomentoloja.com\/index.php?rest_route=\/wp\/v2\/posts\/16670"}],"collection":[{"href":"https:\/\/www.lodelmomentoloja.com\/index.php?rest_route=\/wp\/v2\/posts"}],"about":[{"href":"https:\/\/www.lodelmomentoloja.com\/index.php?rest_route=\/wp\/v2\/types\/post"}],"author":[{"embeddable":true,"href":"https:\/\/www.lodelmomentoloja.com\/index.php?rest_route=\/wp\/v2\/users\/1"}],"replies":[{"embeddable":true,"href":"https:\/\/www.lodelmomentoloja.com\/index.php?rest_route=%2Fwp%2Fv2%2Fcomments&post=16670"}],"version-history":[{"count":1,"href":"https:\/\/www.lodelmomentoloja.com\/index.php?rest_route=\/wp\/v2\/posts\/16670\/revisions"}],"predecessor-version":[{"id":16672,"href":"https:\/\/www.lodelmomentoloja.com\/index.php?rest_route=\/wp\/v2\/posts\/16670\/revisions\/16672"}],"wp:featuredmedia":[{"embeddable":true,"href":"https:\/\/www.lodelmomentoloja.com\/index.php?rest_route=\/wp\/v2\/media\/16671"}],"wp:attachment":[{"href":"https:\/\/www.lodelmomentoloja.com\/index.php?rest_route=%2Fwp%2Fv2%2Fmedia&parent=16670"}],"wp:term":[{"taxonomy":"category","embeddable":true,"href":"https:\/\/www.lodelmomentoloja.com\/index.php?rest_route=%2Fwp%2Fv2%2Fcategories&post=16670"},{"taxonomy":"post_tag","embeddable":true,"href":"https:\/\/www.lodelmomentoloja.com\/index.php?rest_route=%2Fwp%2Fv2%2Ftags&post=16670"}],"curies":[{"name":"wp","href":"https:\/\/api.w.org\/{rel}","templated":true}]}}