{"id":16632,"date":"2023-07-11T13:00:10","date_gmt":"2023-07-11T13:00:10","guid":{"rendered":"https:\/\/www.lodelmomentoloja.com\/?p=16632"},"modified":"2023-07-11T20:32:01","modified_gmt":"2023-07-11T20:32:01","slug":"alto-funcionario-publico-intento-obligar-a-periodista-a-borrar-grabacion-de-entrevista","status":"publish","type":"post","link":"https:\/\/www.lodelmomentoloja.com\/?p=16632","title":{"rendered":"Alto funcionario p\u00fablico intent\u00f3 obligar a periodista a borrar grabaci\u00f3n de entrevista"},"content":{"rendered":"<p>La periodista del Diario \u201cExpreso\u201d, Emilia S\u00e1nchez, realiz\u00f3 una entrevista al secretario general de la administraci\u00f3n p\u00fablica, Sebastian Corral, sin embargo, en cuanto se le pregunt\u00f3 sobre un intento de sobornos en el Ministerio del Interior, reaccion\u00f3 violentamente, pidi\u00f3 a la periodista que borrara la grabaci\u00f3n, y llam\u00f3 al director del medio de comunicaci\u00f3n, para que se tomen represalias en contra de la trabajadora.<\/p>\n<p>El 06 de julio pasado, \u201cExpreso\u201d public\u00f3 una entrevista realizada al ministro del Interior, Juan Zapata, en la cual este confes\u00f3 que intentaron sobornarlo, dentro de un proceso de compra de chalecos antibalas para la Polic\u00eda Nacional, que ascendi\u00f3 a USD 2 millones. La periodista S\u00e1nchez acudi\u00f3 al ECU 911, a un evento en que estaban altos funcionarios de Estado; en \u00e9l, solicit\u00f3 entrevistar al secretario de la administraci\u00f3n p\u00fablica, para hablar del caso antedicho. \u00c9l se\u00f1al\u00f3 que no ten\u00eda nada que decir y se port\u00f3 esquivo: \u201c\u00c9l ya aclar\u00f3 la situaci\u00f3n [Juan Zapata]\u201d. Cuando S\u00e1nchez pregunt\u00f3 sobre las acciones que se tomar\u00edan, Corral grit\u00f3: \u201c\u00bfSabe qu\u00e9?, lo que acabo de decir es\u00a0<i>off the record<\/i>\u00a0[confidencial], as\u00ed que borre la grabaci\u00f3n\u201d.<\/p>\n<p>Dado que nunca se acord\u00f3 que la entrevista fuera confidencial, la periodista se neg\u00f3, y Corral -de forma prepotente- la amenaz\u00f3 con llamar al director del \u201cExpreso\u201d, lo que en efecto hizo. Corral le habr\u00eda exigido a Gabriel Mart\u00ednez, director del Diario, que se tomen represalias contra la periodista, sin embargo, Mart\u00ednez respald\u00f3 a S\u00e1nchez.<\/p>\n<p>La periodista indic\u00f3 a Fundamedios que Corral se \u201cexasper\u00f3\u201d e incluso grit\u00f3, y coment\u00f3 que tambi\u00e9n intent\u00f3 preguntar al presidente Guillermo Lasso sobre el caso, pero que su equipo de comunicaci\u00f3n no dej\u00f3 que se acercara.<\/p>\n<p><em>Fuente: Fundamedios<\/em><\/p>\n<p><em>S\u00edguenos #LDMnoticias \u00f3 #lodelmomentololojaLDM<\/em><\/p>\n","protected":false},"excerpt":{"rendered":"<p>La periodista del Diario \u201cExpreso\u201d, Emilia S\u00e1nchez, realiz\u00f3 una entrevista al secretario general de la&#8230;<\/p>\n","protected":false},"author":1,"featured_media":16637,"comment_status":"open","ping_status":"open","sticky":false,"template":"","format":"standard","meta":{"footnotes":""},"categories":[7,1],"tags":[],"class_list":["post-16632","post","type-post","status-publish","format-standard","has-post-thumbnail","hentry","category-ecuador","category-inicio"],"_links":{"self":[{"href":"https:\/\/www.lodelmomentoloja.com\/index.php?rest_route=\/wp\/v2\/posts\/16632"}],"collection":[{"href":"https:\/\/www.lodelmomentoloja.com\/index.php?rest_route=\/wp\/v2\/posts"}],"about":[{"href":"https:\/\/www.lodelmomentoloja.com\/index.php?rest_route=\/wp\/v2\/types\/post"}],"author":[{"embeddable":true,"href":"https:\/\/www.lodelmomentoloja.com\/index.php?rest_route=\/wp\/v2\/users\/1"}],"replies":[{"embeddable":true,"href":"https:\/\/www.lodelmomentoloja.com\/index.php?rest_route=%2Fwp%2Fv2%2Fcomments&post=16632"}],"version-history":[{"count":3,"href":"https:\/\/www.lodelmomentoloja.com\/index.php?rest_route=\/wp\/v2\/posts\/16632\/revisions"}],"predecessor-version":[{"id":16639,"href":"https:\/\/www.lodelmomentoloja.com\/index.php?rest_route=\/wp\/v2\/posts\/16632\/revisions\/16639"}],"wp:featuredmedia":[{"embeddable":true,"href":"https:\/\/www.lodelmomentoloja.com\/index.php?rest_route=\/wp\/v2\/media\/16637"}],"wp:attachment":[{"href":"https:\/\/www.lodelmomentoloja.com\/index.php?rest_route=%2Fwp%2Fv2%2Fmedia&parent=16632"}],"wp:term":[{"taxonomy":"category","embeddable":true,"href":"https:\/\/www.lodelmomentoloja.com\/index.php?rest_route=%2Fwp%2Fv2%2Fcategories&post=16632"},{"taxonomy":"post_tag","embeddable":true,"href":"https:\/\/www.lodelmomentoloja.com\/index.php?rest_route=%2Fwp%2Fv2%2Ftags&post=16632"}],"curies":[{"name":"wp","href":"https:\/\/api.w.org\/{rel}","templated":true}]}}