{"id":16613,"date":"2023-07-11T10:14:42","date_gmt":"2023-07-11T10:14:42","guid":{"rendered":"https:\/\/www.lodelmomentoloja.com\/?p=16613"},"modified":"2023-07-11T15:15:46","modified_gmt":"2023-07-11T15:15:46","slug":"activan-vigilancia-epidemiologica-en-zona-fronteriza-sur","status":"publish","type":"post","link":"https:\/\/www.lodelmomentoloja.com\/?p=16613","title":{"rendered":"Activan vigilancia epidemiol\u00f3gica en zona fronteriza sur."},"content":{"rendered":"<p dir=\"ltr\">\ud83c\uddea\ud83c\udde8\ud83d\udd75\ufe0f\ud83c\uddf5\ud83c\uddea \u00a1Hay 22 casos confirmados! El Ministerio ecuatoriano de Salud indic\u00f3 que mantiene activa la vigilancia epidemiol\u00f3gica, en la zona fronteriza con Per\u00fa, con el objetivo de identificar casos de dicha enfermedad (S\u00edndrome de Guillian Barr\u00e9).<\/p>\n<p dir=\"ltr\">Aunque la causa de la enfermedad es desconocida, se suele relacionar su contagio al consumo de alimentos infectados con la bacteria &#8220;Campylobacter jejuni&#8221;, entre otros pat\u00f3genos gastrointestinales.<\/p>\n<p dir=\"ltr\">Esta enfermedad causa debilidad en piernas y brazos con una intensidad que puede ir de leve a severa, seg\u00fan la gravedad de la misma.<\/p>\n<p dir=\"ltr\">Al momento, en Ecuador se han registrado un total de 22 casos confirmados entre enero y mayo del a\u00f1o en curso.<\/p>\n<p dir=\"ltr\">www.lodelmomentoloja.com<br \/>\n#LDMnoticias #lodelmomentolojaLDM<\/p>\n","protected":false},"excerpt":{"rendered":"<p>\ud83c\uddea\ud83c\udde8\ud83d\udd75\ufe0f\ud83c\uddf5\ud83c\uddea \u00a1Hay 22 casos confirmados! El Ministerio ecuatoriano de Salud indic\u00f3 que mantiene activa la&#8230;<\/p>\n","protected":false},"author":1,"featured_media":16614,"comment_status":"open","ping_status":"open","sticky":false,"template":"","format":"standard","meta":{"footnotes":""},"categories":[7,1,4,5],"tags":[],"class_list":["post-16613","post","type-post","status-publish","format-standard","has-post-thumbnail","hentry","category-ecuador","category-inicio","category-internacional","category-loja"],"_links":{"self":[{"href":"https:\/\/www.lodelmomentoloja.com\/index.php?rest_route=\/wp\/v2\/posts\/16613"}],"collection":[{"href":"https:\/\/www.lodelmomentoloja.com\/index.php?rest_route=\/wp\/v2\/posts"}],"about":[{"href":"https:\/\/www.lodelmomentoloja.com\/index.php?rest_route=\/wp\/v2\/types\/post"}],"author":[{"embeddable":true,"href":"https:\/\/www.lodelmomentoloja.com\/index.php?rest_route=\/wp\/v2\/users\/1"}],"replies":[{"embeddable":true,"href":"https:\/\/www.lodelmomentoloja.com\/index.php?rest_route=%2Fwp%2Fv2%2Fcomments&post=16613"}],"version-history":[{"count":1,"href":"https:\/\/www.lodelmomentoloja.com\/index.php?rest_route=\/wp\/v2\/posts\/16613\/revisions"}],"predecessor-version":[{"id":16615,"href":"https:\/\/www.lodelmomentoloja.com\/index.php?rest_route=\/wp\/v2\/posts\/16613\/revisions\/16615"}],"wp:featuredmedia":[{"embeddable":true,"href":"https:\/\/www.lodelmomentoloja.com\/index.php?rest_route=\/wp\/v2\/media\/16614"}],"wp:attachment":[{"href":"https:\/\/www.lodelmomentoloja.com\/index.php?rest_route=%2Fwp%2Fv2%2Fmedia&parent=16613"}],"wp:term":[{"taxonomy":"category","embeddable":true,"href":"https:\/\/www.lodelmomentoloja.com\/index.php?rest_route=%2Fwp%2Fv2%2Fcategories&post=16613"},{"taxonomy":"post_tag","embeddable":true,"href":"https:\/\/www.lodelmomentoloja.com\/index.php?rest_route=%2Fwp%2Fv2%2Ftags&post=16613"}],"curies":[{"name":"wp","href":"https:\/\/api.w.org\/{rel}","templated":true}]}}