{"id":16600,"date":"2023-07-10T13:00:30","date_gmt":"2023-07-10T13:00:30","guid":{"rendered":"https:\/\/www.lodelmomentoloja.com\/?p=16600"},"modified":"2023-07-10T19:07:36","modified_gmt":"2023-07-10T19:07:36","slug":"ecuador-entra-al-top-10-de-los-peores-paises-del-mundo-para-los-trabajadores-y-las-trabajadoras","status":"publish","type":"post","link":"https:\/\/www.lodelmomentoloja.com\/?p=16600","title":{"rendered":"Ecuador entra al top 10 de los peores pa\u00edses del mundo para los trabajadores y las trabajadoras."},"content":{"rendered":"<p dir=\"ltr\">Este a\u00f1o 2023 se ha hecho p\u00fabica la 10 edici\u00f3n del \u00cdndice Global de los Derechos de la Confederaci\u00f3n Sindical Internacional (CSI), mediante estas ediciones, se han documentado las violaciones de los derechos laborales internacionalmente reconocidos por Gobiernos y empleadores.<\/p>\n<p dir=\"ltr\"><em><strong>Pero \u00bfQu\u00e9 es la CSI?<\/strong><\/em> La Confederaci\u00f3n Sindical Internacional (CSI) es una organizaci\u00f3n integrada por centrales sindicales nacionales, cada una de las cuales agrupa a los sindicatos de ese pa\u00eds en particular. Es la voz global de la gente trabajadora del mundo entero. La CSI representa a 200 millones de trabajadoras y trabajadores en 168 pa\u00edses y cuenta con 338 organizaciones afiliadas nacionales.<\/p>\n<p dir=\"ltr\">\nEl \u00cdndice Global de los Derechos de la CSI muestra cu\u00e1les son los peores pa\u00edses del mundo para trabajar, clasificando 149 pa\u00edses en una escala de 1 al 5+ seg\u00fan el grado de respeto de los derechos de los trabajadores. Las violaciones se registran cada a\u00f1o, entre abril y marzo. La informaci\u00f3n sobre distintos pa\u00edses se publica a lo largo del a\u00f1o en el Informe sobre las Violaciones de los Derechos Sindicales de la CSI.<\/p>\n<p dir=\"ltr\">\n<p dir=\"ltr\">\n<p dir=\"ltr\"><img loading=\"lazy\" decoding=\"async\" class=\"alignnone wp-image-16601 \" src=\"http:\/\/www.lodelmomentoloja.com\/wp-content\/uploads\/2023\/07\/tfr4e32wq1-1024x576.jpg\" alt=\"\" width=\"761\" height=\"428\" srcset=\"https:\/\/www.lodelmomentoloja.com\/wp-content\/uploads\/2023\/07\/tfr4e32wq1-1024x576.jpg 1024w, https:\/\/www.lodelmomentoloja.com\/wp-content\/uploads\/2023\/07\/tfr4e32wq1-300x169.jpg 300w, https:\/\/www.lodelmomentoloja.com\/wp-content\/uploads\/2023\/07\/tfr4e32wq1-768x432.jpg 768w, https:\/\/www.lodelmomentoloja.com\/wp-content\/uploads\/2023\/07\/tfr4e32wq1-640x360.jpg 640w, https:\/\/www.lodelmomentoloja.com\/wp-content\/uploads\/2023\/07\/tfr4e32wq1-1536x864.jpg 1536w, https:\/\/www.lodelmomentoloja.com\/wp-content\/uploads\/2023\/07\/tfr4e32wq1.jpg 1920w\" sizes=\"(max-width: 761px) 100vw, 761px\" \/><\/p>\n<p dir=\"ltr\">En este resumen, se basa en como se eval\u00faa de renta alta o de renta bajo, respecto a los trabajadores y trabadoras que han afectado de lleno la crisis del coste de vida; al tiempo, que los Gobiernos han reprimido sus derechos a negociar colectivamente incrementos salariales y a emprender acciones de huelga contra la indiferencia de los empleadores y Gobiernos ante los efectos que la espiral inflacionista est\u00e1 suponiendo para los trabajadores. De Eswatini a Myanmar, de Per\u00fa a Francia y de Ir\u00e1n a Corea, las reivindicaciones de los trabajadores para que se respeten sus derechos laborales se han ignorado, y su disidencia se ha topado con respuestas cada vez m\u00e1s brutales por parte de las fuerzas de seguridad del Estado.<\/p>\n<h4 dir=\"ltr\">Violaciones de los derechos de los trabajadores y las trabajadoras.<\/h4>\n<ul>\n<li dir=\"ltr\">En el 87% de los pa\u00edses se ha vulnerado el derecho de huelga.<\/li>\n<li dir=\"ltr\">En el 77% de los pa\u00edses se excluye a trabajadores del derecho a establecer o afiliarse a un sindicato.<\/li>\n<li dir=\"ltr\">En el 79% de los pa\u00edses se ha vulnerado el derecho a la negociaci\u00f3n colectiva.<\/li>\n<li dir=\"ltr\">En el 65% de los pa\u00edses se ha negado a los trabajadores el acceso total o parcial a la justicia.<\/li>\n<li dir=\"ltr\">En el 73% de los pa\u00edses se ha impedido el registro de sindicatos.<\/li>\n<li dir=\"ltr\">En 69 pa\u00edses se efectuaron arrestos y detenciones de trabajadores.<\/li>\n<li dir=\"ltr\">En 44 pa\u00edses se han dado casos de trabajadores que sufrieron actos de violencia.<\/li>\n<li dir=\"ltr\">En el 42% de los pa\u00edses se ha restringido la libertad de expresi\u00f3n y de reuni\u00f3n.<\/li>\n<li dir=\"ltr\">Se ha asesinado a sindicalistas en 8 pa\u00edses. Brasil, Colombia, Ecuador, El Salvador, Eswatini, Guatemala, Per\u00fa y Sierra Leona.<\/li>\n<\/ul>\n<p dir=\"ltr\">El \u00cdndice Global de los Derechos de la CSI muestra cu\u00e1les son los peores pa\u00edses del mundo para trabajar por medio de la clasificaci\u00f3n de pa\u00edses en una escala del 1 al 5+ que refleja el grado de respeto por los derechos de los trabajadores y las trabajadoras. Las violaciones se registran cada a\u00f1o de abril a marzo. El \u00cdndice Global de los Derechos 2023 con datos interactivos puede consultarse en www.globalrightsindex.org. La informaci\u00f3n sobre las violaciones de los derechos sindicales se publica a lo largo del a\u00f1o en el Informe de la CSI, disponible en survey.ituc-csi.org.<\/p>\n<p dir=\"ltr\">.<\/p>\n<h4 dir=\"ltr\">ECUADOR ENTRA EN EL TOP DE LOS PEORES PA\u00cdSES.<\/h4>\n<p dir=\"ltr\">El marco jur\u00eddico, sumamente restrictivo, de Ecuador ha seguido obstaculizando el desarrollo de sindicatos independientes fuertes en el pa\u00eds, y las autoridades han seguido impidiendo el registro de sindicatos en los sectores p\u00fablico y privado.<\/p>\n<p dir=\"ltr\">En 2022 el Gobierno reprimi\u00f3 brutalmente las protestas masivas en favor de la democracia y los derechos colectivos que hab\u00edan sido convocadas por organizaciones de pueblos ind\u00edgenas y sindicatos. Las fuerzas de la polic\u00eda reprimieron violentamente a los manifestantes, deteniendo, matando e hiriendo a muchas personas.<\/p>\n<p dir=\"ltr\">\n<h5 class=\"font-bold text-paprika-500 mb-2\">Derecho a la libertad de expresi\u00f3n y reuni\u00f3n.<\/h5>\n<p dir=\"ltr\">En mayo de 2022 la\u00a0<strong>Confederaci\u00f3n de Nacionalidades Ind\u00edgenas del Ecuador (CONAIE)<\/strong>, con el apoyo del\u00a0<strong>Frente Unitario de Trabajadores (FUT)<\/strong>, la\u00a0<strong>Uni\u00f3n Nacional de Educadores (UNE)<\/strong>\u00a0y sindicatos representantes de los agricultores, asociaciones m\u00e9dicas, jubilados, sindicatos p\u00fablicos, educadores, estudiantes y transportistas, convoc\u00f3 en\u00a0<strong>Ecuador<\/strong>\u00a0una huelga nacional para exigir el respeto de los derechos colectivos.<\/p>\n<p dir=\"ltr\">Durante las manifestaciones, cinco personas murieron a manos de las fuerzas de la polic\u00eda, que utilizaron armas disuasorias de forma letal y detuvieron a decenas de participantes. Un n\u00famero considerable de los 132 detenidos fueron acusados de delitos como sabotaje, terrorismo o resistencia. Adem\u00e1s de las denuncias de secuestro, persecuci\u00f3n y planificaci\u00f3n de atentados contra dirigentes de las manifestaciones, cabe se\u00f1alar que las autoridades recurrieron a la censura de los medios de comunicaci\u00f3n y a la vulneraci\u00f3n del derecho a la libertad de expresi\u00f3n, bloqueando informaci\u00f3n, cortando la conexi\u00f3n a Internet y las redes sociales, hackeando cuentas personales de correo electr\u00f3nico y dando de baja el servicio de la redes m\u00f3viles. Los sindicatos, entre ellos la\u00a0<strong>Confederaci\u00f3n Ecuatoriana de Organizaciones Clasistas Unitarias de Trabajadores (CEDOCUT)<\/strong>, denunciaron la escalada de violencia y amenazas por parte del Estado.<\/p>\n<p dir=\"ltr\">\n<h5 dir=\"ltr\"><em>Conclusi\u00f3n<\/em><\/h5>\n<p dir=\"ltr\">La peor crisis del coste de la vida habida en d\u00e9cadas ha obligado a los trabajadores a reclamar mejoras salariales, pero en 9 de cada 10 pa\u00edses se ha vulnerado su derecho a la huelga. Cuando trataron de recurrir a estructuras representativas para presentar sus quejas a los empleadores, 8 de cada 10 pa\u00edses vulneraron su derecho a la negociaci\u00f3n colectiva. Casi la mitad de los pa\u00edses encuestados han vulnerado el derecho a las libertades civiles, lo cual pone en peligro los cimientos y los pilares de la democracia. Nunca se insistir\u00e1 lo suficiente respecto al v\u00ednculo que existe entre los derechos de los trabajadores y la fortaleza de la democracia: la erosi\u00f3n de uno equivale a la degradaci\u00f3n del otro. Nuestras democracias est\u00e1n en peligro<\/p>\n<p><em>Fuente: CSI<\/em><br \/>\nS\u00edguenos #LDMnoticias \u00f3 #lodelmomentolojaLDM<\/p>\n<p dir=\"ltr\">\n","protected":false},"excerpt":{"rendered":"<p>Este a\u00f1o 2023 se ha hecho p\u00fabica la 10 edici\u00f3n del \u00cdndice Global de los&#8230;<\/p>\n","protected":false},"author":1,"featured_media":16602,"comment_status":"open","ping_status":"open","sticky":false,"template":"","format":"standard","meta":{"footnotes":""},"categories":[7,1,5],"tags":[],"class_list":["post-16600","post","type-post","status-publish","format-standard","has-post-thumbnail","hentry","category-ecuador","category-inicio","category-loja"],"_links":{"self":[{"href":"https:\/\/www.lodelmomentoloja.com\/index.php?rest_route=\/wp\/v2\/posts\/16600"}],"collection":[{"href":"https:\/\/www.lodelmomentoloja.com\/index.php?rest_route=\/wp\/v2\/posts"}],"about":[{"href":"https:\/\/www.lodelmomentoloja.com\/index.php?rest_route=\/wp\/v2\/types\/post"}],"author":[{"embeddable":true,"href":"https:\/\/www.lodelmomentoloja.com\/index.php?rest_route=\/wp\/v2\/users\/1"}],"replies":[{"embeddable":true,"href":"https:\/\/www.lodelmomentoloja.com\/index.php?rest_route=%2Fwp%2Fv2%2Fcomments&post=16600"}],"version-history":[{"count":1,"href":"https:\/\/www.lodelmomentoloja.com\/index.php?rest_route=\/wp\/v2\/posts\/16600\/revisions"}],"predecessor-version":[{"id":16603,"href":"https:\/\/www.lodelmomentoloja.com\/index.php?rest_route=\/wp\/v2\/posts\/16600\/revisions\/16603"}],"wp:featuredmedia":[{"embeddable":true,"href":"https:\/\/www.lodelmomentoloja.com\/index.php?rest_route=\/wp\/v2\/media\/16602"}],"wp:attachment":[{"href":"https:\/\/www.lodelmomentoloja.com\/index.php?rest_route=%2Fwp%2Fv2%2Fmedia&parent=16600"}],"wp:term":[{"taxonomy":"category","embeddable":true,"href":"https:\/\/www.lodelmomentoloja.com\/index.php?rest_route=%2Fwp%2Fv2%2Fcategories&post=16600"},{"taxonomy":"post_tag","embeddable":true,"href":"https:\/\/www.lodelmomentoloja.com\/index.php?rest_route=%2Fwp%2Fv2%2Ftags&post=16600"}],"curies":[{"name":"wp","href":"https:\/\/api.w.org\/{rel}","templated":true}]}}