{"id":16463,"date":"2023-06-30T10:15:03","date_gmt":"2023-06-30T10:15:03","guid":{"rendered":"https:\/\/www.lodelmomentoloja.com\/?p=16463"},"modified":"2023-06-30T15:23:31","modified_gmt":"2023-06-30T15:23:31","slug":"glas-sera-procesado-por-presunto-peculado","status":"publish","type":"post","link":"https:\/\/www.lodelmomentoloja.com\/?p=16463","title":{"rendered":"Glas ser\u00e1 procesado por presunto peculado"},"content":{"rendered":"<p>\ud83d\udc40\ud83d\udd75\ufe0f\u2696\ufe0f \u00a1Por delito de peculado! Para el 12 de julio pr\u00f3xim, el juez nacional Luis R, defini\u00f3 que se d\u00e9 la audiencia en la que se formular\u00e1n cargos por el delito de peculado contra el exvicepresidente Jorge Glas y los exfuncionarios Carlos Bernal y Pablo Ort\u00edz. Esto tras haber determinado hechos que se relacionar\u00edan con un acto de corrupci\u00f3n de dicho delito en una obra vial, parte de la reconstrucci\u00f3n de Manab\u00ed, luego del terremoto de 2016.<\/p>\n<p>www.lodelmomentoloja.com<br \/>\n#LDMnoticias #lodelmomentolojaLDM<\/p>\n","protected":false},"excerpt":{"rendered":"<p>\ud83d\udc40\ud83d\udd75\ufe0f\u2696\ufe0f \u00a1Por delito de peculado! Para el 12 de julio pr\u00f3xim, el juez nacional Luis&#8230;<\/p>\n","protected":false},"author":1,"featured_media":16464,"comment_status":"open","ping_status":"open","sticky":false,"template":"","format":"standard","meta":{"footnotes":""},"categories":[7,1],"tags":[],"class_list":["post-16463","post","type-post","status-publish","format-standard","has-post-thumbnail","hentry","category-ecuador","category-inicio"],"_links":{"self":[{"href":"https:\/\/www.lodelmomentoloja.com\/index.php?rest_route=\/wp\/v2\/posts\/16463"}],"collection":[{"href":"https:\/\/www.lodelmomentoloja.com\/index.php?rest_route=\/wp\/v2\/posts"}],"about":[{"href":"https:\/\/www.lodelmomentoloja.com\/index.php?rest_route=\/wp\/v2\/types\/post"}],"author":[{"embeddable":true,"href":"https:\/\/www.lodelmomentoloja.com\/index.php?rest_route=\/wp\/v2\/users\/1"}],"replies":[{"embeddable":true,"href":"https:\/\/www.lodelmomentoloja.com\/index.php?rest_route=%2Fwp%2Fv2%2Fcomments&post=16463"}],"version-history":[{"count":1,"href":"https:\/\/www.lodelmomentoloja.com\/index.php?rest_route=\/wp\/v2\/posts\/16463\/revisions"}],"predecessor-version":[{"id":16465,"href":"https:\/\/www.lodelmomentoloja.com\/index.php?rest_route=\/wp\/v2\/posts\/16463\/revisions\/16465"}],"wp:featuredmedia":[{"embeddable":true,"href":"https:\/\/www.lodelmomentoloja.com\/index.php?rest_route=\/wp\/v2\/media\/16464"}],"wp:attachment":[{"href":"https:\/\/www.lodelmomentoloja.com\/index.php?rest_route=%2Fwp%2Fv2%2Fmedia&parent=16463"}],"wp:term":[{"taxonomy":"category","embeddable":true,"href":"https:\/\/www.lodelmomentoloja.com\/index.php?rest_route=%2Fwp%2Fv2%2Fcategories&post=16463"},{"taxonomy":"post_tag","embeddable":true,"href":"https:\/\/www.lodelmomentoloja.com\/index.php?rest_route=%2Fwp%2Fv2%2Ftags&post=16463"}],"curies":[{"name":"wp","href":"https:\/\/api.w.org\/{rel}","templated":true}]}}